{"id":4829,"date":"2026-01-09T19:47:54","date_gmt":"2026-01-09T23:47:54","guid":{"rendered":"https:\/\/periodicolarepublica.com\/?p=4829"},"modified":"2026-01-09T19:47:54","modified_gmt":"2026-01-09T23:47:54","slug":"el-estado-frente-al-espejo-el-desafio-de-la-creacion-del-ministerio-de-justicia","status":"publish","type":"post","link":"https:\/\/periodicolarepublica.com\/index.php\/2026\/01\/09\/el-estado-frente-al-espejo-el-desafio-de-la-creacion-del-ministerio-de-justicia\/","title":{"rendered":"El Estado frente al espejo: el desaf\u00edo de la creaci\u00f3n del Ministerio de Justicia"},"content":{"rendered":"<p>Santo Domingo, RD. \u2013 En agosto de 2025 se promulg\u00f3 la Ley Org\u00e1nica del Ministerio de Justicia (Ley 80-25), con el prop\u00f3sito de crear el primer Ministerio de Justicia en la Rep\u00fablica Dominicana, lo cual marca uno de los debates institucionales m\u00e1s trascendentales de las \u00faltimas d\u00e9cadas, al colocar en el centro de la agenda nacional la necesidad de modernizar el sistema de administraci\u00f3n de justicia a la vez que se redefinen y se reasignan las responsabilidades del Estado en materia legal, penitenciaria y de derechos fundamentales.<\/p>\n<p>&nbsp;<\/p>\n<p>Durante a\u00f1os, el pa\u00eds ha operado con un modelo fraccionado, en el que funciones esenciales de pol\u00edtica p\u00fablica en materia de justicia que han estado dispersas entre distintas entidades, principalmente la Procuradur\u00eda General de la Rep\u00fablica, el Ministerio de Interior y Polic\u00eda y otros \u00f3rganos del Poder Ejecutivo. Este esquema, aunque funciona en determinados momentos hist\u00f3ricos, ha mostrado limitaciones frente a las exigencias contempor\u00e1neas de transparencia, eficiencia, control institucional y respeto al principio de separaci\u00f3n de poderes.<\/p>\n<p>&nbsp;<\/p>\n<p>Esta creacion permitir\u00e1 separar de manera m\u00e1s clara las funciones administrativas y pol\u00edticas que son propias del Poder Ejecutivo de las tareas de investigaci\u00f3n y persecuci\u00f3n penal, que corresponden al Ministerio P\u00fablico como \u00f3rgano constitucional aut\u00f3nomo. A su vez, este Ministerio sin lugar a dudas fortalecer\u00e1 la independencia del sistema de justicia y reducir\u00eda la hist\u00f3rica confusi\u00f3n de roles que ha alimentado tensiones institucionales.<\/p>\n<p>&nbsp;<\/p>\n<p>El nuevo Ministerio de Justicia asumir\u00eda \u00e1reas claves como la gesti\u00f3n del sistema penitenciario, la coordinaci\u00f3n de los servicios de asistencia legal, la administraci\u00f3n de registros y certificaciones judiciales, la cooperaci\u00f3n jur\u00eddica internacional y el dise\u00f1o de pol\u00edticas p\u00fablicas orientadas al acceso a la justicia.<\/p>\n<p>&nbsp;<\/p>\n<p>Asimismo, se convertir\u00eda en el \u00f3rgano rector de la reforma penitenciaria, un aspecto cr\u00edtico para el pa\u00eds, que aunque hay que reconocer que en los \u00faltimos a\u00f1os se han realizado grandes esfuerzos, no menos cierto es, que a\u00fan enfrentamos serios desaf\u00edos en materia de hacinamiento, reinserci\u00f3n social y respeto a los derechos humanos de las personas privadas de libertad. En este sentido, El Ministerio de Justicia no solo tiene implicaciones jur\u00eddicas, sino tambi\u00e9n sociales, econ\u00f3micas y orientadas a la seguridad ciudadana.<\/p>\n<p>&nbsp;<\/p>\n<p>Este Ministerio acarrea consigo algunas interrogantes leg\u00edtimas que deben ser abordadas con rigor t\u00e9cnico y madurez democr\u00e1tica. Entre ellas, si lograra el alcance exacto de sus competencias, cu\u00e1les ser\u00e1n los mecanismos de coordinaci\u00f3n con el Ministerio P\u00fablico y el Poder Judicial, y las garant\u00edas para evitar duplicidades, burocratizaci\u00f3n excesiva o interferencias indebidas.<\/p>\n<p>&nbsp;<\/p>\n<p>La creaci\u00f3n del Ministerio de Justicia no debe entenderse como un simple ajuste administrativo, sino como un cambio de paradigma en la concepci\u00f3n del Estado dominicano. Se trata de una oportunidad hist\u00f3rica para fortalecer el Estado de derecho, mejorar la calidad de las pol\u00edticas p\u00fablicas en justicia y consolidar una institucionalidad m\u00e1s coherente con los principios constitucionales y democr\u00e1ticos del pa\u00eds.<\/p>\n<p>&nbsp;<\/p>\n<p>En un pa\u00eds donde la confianza ciudadana en las instituciones sigue siendo un desaf\u00edo pendiente, avanzar hacia un modelo moderno, transparente, independiente y eficiente de gesti\u00f3n de la justicia podr\u00eda convertirse en uno de los legados m\u00e1s significativos de la presente etapa pol\u00edtica.<\/p>\n<p>&nbsp;<\/p>\n<p>El reci\u00e9n creado ministerio estar\u00e1 encabezado por el reconocido jurista Dr. Jorge Subero Isa haci\u00e9ndose acompa\u00f1ar de seis (06) viceministros, con un presupuesto de RD$4,175.7 millones con el prop\u00f3sito de lograr un hito hist\u00f3rico en materia de justicia.<\/p>\n<p><img loading=\"lazy\" decoding=\"async\" class=\"alignnone size-medium wp-image-4830\" src=\"https:\/\/periodicolarepublica.com\/wp-content\/uploads\/2026\/01\/IMG-20260109-WA0055-300x215.jpg\" alt=\"\" width=\"300\" height=\"215\" srcset=\"https:\/\/periodicolarepublica.com\/wp-content\/uploads\/2026\/01\/IMG-20260109-WA0055-300x215.jpg 300w, https:\/\/periodicolarepublica.com\/wp-content\/uploads\/2026\/01\/IMG-20260109-WA0055-1024x734.jpg 1024w, https:\/\/periodicolarepublica.com\/wp-content\/uploads\/2026\/01\/IMG-20260109-WA0055-768x551.jpg 768w, https:\/\/periodicolarepublica.com\/wp-content\/uploads\/2026\/01\/IMG-20260109-WA0055-150x108.jpg 150w, https:\/\/periodicolarepublica.com\/wp-content\/uploads\/2026\/01\/IMG-20260109-WA0055-600x430.jpg 600w, https:\/\/periodicolarepublica.com\/wp-content\/uploads\/2026\/01\/IMG-20260109-WA0055-696x499.jpg 696w, https:\/\/periodicolarepublica.com\/wp-content\/uploads\/2026\/01\/IMG-20260109-WA0055-1068x766.jpg 1068w, https:\/\/periodicolarepublica.com\/wp-content\/uploads\/2026\/01\/IMG-20260109-WA0055.jpg 1106w\" sizes=\"auto, (max-width: 300px) 100vw, 300px\" \/><\/p>\n","protected":false},"excerpt":{"rendered":"<p>Santo Domingo, RD. \u2013 En agosto de 2025 se promulg\u00f3 la Ley Org\u00e1nica del Ministerio de Justicia (Ley 80-25), con el prop\u00f3sito de crear el primer Ministerio de Justicia en la Rep\u00fablica Dominicana, lo cual marca uno de los debates institucionales m\u00e1s trascendentales de las \u00faltimas d\u00e9cadas, al colocar en el centro de la agenda [&hellip;]<\/p>\n","protected":false},"author":6,"featured_media":4830,"comment_status":"open","ping_status":"open","sticky":false,"template":"","format":"standard","meta":{"om_disable_all_campaigns":false,"_monsterinsights_skip_tracking":false,"_monsterinsights_sitenote_active":false,"_monsterinsights_sitenote_note":"","_monsterinsights_sitenote_category":0,"footnotes":""},"categories":[1],"tags":[],"class_list":{"0":"post-4829","1":"post","2":"type-post","3":"status-publish","4":"format-standard","5":"has-post-thumbnail","7":"category-nacionales"},"aioseo_notices":[],"_links":{"self":[{"href":"https:\/\/periodicolarepublica.com\/index.php\/wp-json\/wp\/v2\/posts\/4829","targetHints":{"allow":["GET"]}}],"collection":[{"href":"https:\/\/periodicolarepublica.com\/index.php\/wp-json\/wp\/v2\/posts"}],"about":[{"href":"https:\/\/periodicolarepublica.com\/index.php\/wp-json\/wp\/v2\/types\/post"}],"author":[{"embeddable":true,"href":"https:\/\/periodicolarepublica.com\/index.php\/wp-json\/wp\/v2\/users\/6"}],"replies":[{"embeddable":true,"href":"https:\/\/periodicolarepublica.com\/index.php\/wp-json\/wp\/v2\/comments?post=4829"}],"version-history":[{"count":1,"href":"https:\/\/periodicolarepublica.com\/index.php\/wp-json\/wp\/v2\/posts\/4829\/revisions"}],"predecessor-version":[{"id":4831,"href":"https:\/\/periodicolarepublica.com\/index.php\/wp-json\/wp\/v2\/posts\/4829\/revisions\/4831"}],"wp:featuredmedia":[{"embeddable":true,"href":"https:\/\/periodicolarepublica.com\/index.php\/wp-json\/wp\/v2\/media\/4830"}],"wp:attachment":[{"href":"https:\/\/periodicolarepublica.com\/index.php\/wp-json\/wp\/v2\/media?parent=4829"}],"wp:term":[{"taxonomy":"category","embeddable":true,"href":"https:\/\/periodicolarepublica.com\/index.php\/wp-json\/wp\/v2\/categories?post=4829"},{"taxonomy":"post_tag","embeddable":true,"href":"https:\/\/periodicolarepublica.com\/index.php\/wp-json\/wp\/v2\/tags?post=4829"}],"curies":[{"name":"wp","href":"https:\/\/api.w.org\/{rel}","templated":true}]}}