{"id":4833,"date":"2026-01-11T09:14:54","date_gmt":"2026-01-11T13:14:54","guid":{"rendered":"https:\/\/periodicolarepublica.com\/?p=4833"},"modified":"2026-01-11T09:14:54","modified_gmt":"2026-01-11T13:14:54","slug":"centro-cultural-taino-casa-del-cordon-profundiza-en-el-cemi-de-algodon-con-tecnologia-utilizada-por-universidad-turin","status":"publish","type":"post","link":"https:\/\/periodicolarepublica.com\/index.php\/2026\/01\/11\/centro-cultural-taino-casa-del-cordon-profundiza-en-el-cemi-de-algodon-con-tecnologia-utilizada-por-universidad-turin\/","title":{"rendered":"Centro Cultural Ta\u00edno Casa del Cord\u00f3n profundiza en el cem\u00ed de algod\u00f3n con tecnolog\u00eda utilizada por Universidad Tur\u00edn"},"content":{"rendered":"<p>El Centro Cultural Ta\u00edno Casa del Cord\u00f3n, iniciativa del Banco Popular Dominicano, abrir\u00e1 su calendario de actividades de 2026 con una propuesta de alto valor hist\u00f3rico y acad\u00e9mico este mi\u00e9rcoles 14 de enero, a las 7:00 p.m. presentar\u00e1 el conversatorio titulado \u201cEl gemelo del cem\u00ed de algod\u00f3n. Nuevas formas de conocer sus misterios\u201d, en el que participar\u00e1n el economista, historiador y antrop\u00f3logo Bernardo Vega y el historiador y arque\u00f3logo Manuel Garc\u00eda Ar\u00e9valo, presidente de la Fundaci\u00f3n Garc\u00eda Ar\u00e9valo. La actividad ser\u00e1 moderada por el asesor cultural del centro, Jos\u00e9 Enrique Delmonte, y tendr\u00e1 lugar en el patio del recinto cultural.<\/p>\n<p>En esta nueva conversaci\u00f3n, los panelistas dar\u00e1n continuidad a la realizada en agosto de 2025 en el mismo recinto, abordando especialmente c\u00f3mo los avances tecnol\u00f3gicos han abierto nuevas posibilidades para estudiar y difundir esta pieza ancestral del arte ta\u00edno. Gracias a herramientas de digitalizaci\u00f3n tridimensional, modelado virtual y plataformas de visualizaci\u00f3n interactiva utilizadas en estudios realizados por la Universidad de Tur\u00edn, investigadores y p\u00fablico general pueden hoy acceder a una representaci\u00f3n fiel del cem\u00ed, sin necesidad de desplazarse f\u00edsicamente a su ubicaci\u00f3n en Europa.<\/p>\n<p>Estas tecnolog\u00edas no solo permiten una mayor divulgaci\u00f3n, sino que tambi\u00e9n facilitan el an\u00e1lisis t\u00e9cnico y simb\u00f3lico de la pieza desde \u00e1ngulos que antes resultaban inaccesibles. As\u00ed, la arqueolog\u00eda y la historia dialogan con la innovaci\u00f3n para expandir el conocimiento sobre una de las manifestaciones m\u00e1s singulares del legado ta\u00edno.<\/p>\n<figure id=\"attachment_4834\" aria-describedby=\"caption-attachment-4834\" style=\"width: 284px\" class=\"wp-caption alignnone\"><img loading=\"lazy\" decoding=\"async\" class=\"wp-image-4834 size-medium\" src=\"https:\/\/periodicolarepublica.com\/wp-content\/uploads\/2026\/01\/Fachada-del-Centro-Cultural-Taino-Casa-del-Cordon-scaled-e1768137203470-284x300.jpg\" alt=\"\" width=\"284\" height=\"300\" srcset=\"https:\/\/periodicolarepublica.com\/wp-content\/uploads\/2026\/01\/Fachada-del-Centro-Cultural-Taino-Casa-del-Cordon-scaled-e1768137203470-284x300.jpg 284w, https:\/\/periodicolarepublica.com\/wp-content\/uploads\/2026\/01\/Fachada-del-Centro-Cultural-Taino-Casa-del-Cordon-scaled-e1768137203470-768x811.jpg 768w, https:\/\/periodicolarepublica.com\/wp-content\/uploads\/2026\/01\/Fachada-del-Centro-Cultural-Taino-Casa-del-Cordon-scaled-e1768137203470-150x158.jpg 150w, https:\/\/periodicolarepublica.com\/wp-content\/uploads\/2026\/01\/Fachada-del-Centro-Cultural-Taino-Casa-del-Cordon-scaled-e1768137203470-300x317.jpg 300w, https:\/\/periodicolarepublica.com\/wp-content\/uploads\/2026\/01\/Fachada-del-Centro-Cultural-Taino-Casa-del-Cordon-scaled-e1768137203470-600x633.jpg 600w, https:\/\/periodicolarepublica.com\/wp-content\/uploads\/2026\/01\/Fachada-del-Centro-Cultural-Taino-Casa-del-Cordon-scaled-e1768137203470-696x735.jpg 696w, https:\/\/periodicolarepublica.com\/wp-content\/uploads\/2026\/01\/Fachada-del-Centro-Cultural-Taino-Casa-del-Cordon-scaled-e1768137203470.jpg 878w\" sizes=\"auto, (max-width: 284px) 100vw, 284px\" \/><figcaption id=\"caption-attachment-4834\" class=\"wp-caption-text\">Casa del Cord\u00f3n<\/figcaption><\/figure>\n","protected":false},"excerpt":{"rendered":"<p>El Centro Cultural Ta\u00edno Casa del Cord\u00f3n, iniciativa del Banco Popular Dominicano, abrir\u00e1 su calendario de actividades de 2026 con una propuesta de alto valor hist\u00f3rico y acad\u00e9mico este mi\u00e9rcoles 14 de enero, a las 7:00 p.m. presentar\u00e1 el conversatorio titulado \u201cEl gemelo del cem\u00ed de algod\u00f3n. Nuevas formas de conocer sus misterios\u201d, en el [&hellip;]<\/p>\n","protected":false},"author":6,"featured_media":4834,"comment_status":"open","ping_status":"open","sticky":false,"template":"","format":"standard","meta":{"om_disable_all_campaigns":false,"_monsterinsights_skip_tracking":false,"_monsterinsights_sitenote_active":false,"_monsterinsights_sitenote_note":"","_monsterinsights_sitenote_category":0,"footnotes":""},"categories":[33,1],"tags":[515],"class_list":{"0":"post-4833","1":"post","2":"type-post","3":"status-publish","4":"format-standard","5":"has-post-thumbnail","7":"category-canal-financiero","8":"category-nacionales","9":"tag-centro-cultural-taino"},"aioseo_notices":[],"_links":{"self":[{"href":"https:\/\/periodicolarepublica.com\/index.php\/wp-json\/wp\/v2\/posts\/4833","targetHints":{"allow":["GET"]}}],"collection":[{"href":"https:\/\/periodicolarepublica.com\/index.php\/wp-json\/wp\/v2\/posts"}],"about":[{"href":"https:\/\/periodicolarepublica.com\/index.php\/wp-json\/wp\/v2\/types\/post"}],"author":[{"embeddable":true,"href":"https:\/\/periodicolarepublica.com\/index.php\/wp-json\/wp\/v2\/users\/6"}],"replies":[{"embeddable":true,"href":"https:\/\/periodicolarepublica.com\/index.php\/wp-json\/wp\/v2\/comments?post=4833"}],"version-history":[{"count":1,"href":"https:\/\/periodicolarepublica.com\/index.php\/wp-json\/wp\/v2\/posts\/4833\/revisions"}],"predecessor-version":[{"id":4835,"href":"https:\/\/periodicolarepublica.com\/index.php\/wp-json\/wp\/v2\/posts\/4833\/revisions\/4835"}],"wp:featuredmedia":[{"embeddable":true,"href":"https:\/\/periodicolarepublica.com\/index.php\/wp-json\/wp\/v2\/media\/4834"}],"wp:attachment":[{"href":"https:\/\/periodicolarepublica.com\/index.php\/wp-json\/wp\/v2\/media?parent=4833"}],"wp:term":[{"taxonomy":"category","embeddable":true,"href":"https:\/\/periodicolarepublica.com\/index.php\/wp-json\/wp\/v2\/categories?post=4833"},{"taxonomy":"post_tag","embeddable":true,"href":"https:\/\/periodicolarepublica.com\/index.php\/wp-json\/wp\/v2\/tags?post=4833"}],"curies":[{"name":"wp","href":"https:\/\/api.w.org\/{rel}","templated":true}]}}