{"id":4845,"date":"2026-01-12T16:13:14","date_gmt":"2026-01-12T20:13:14","guid":{"rendered":"https:\/\/periodicolarepublica.com\/?p=4845"},"modified":"2026-01-12T16:13:14","modified_gmt":"2026-01-12T20:13:14","slug":"gobierno-refuerza-politicas-publicas-de-prevencion-y-amplia-el-control-para-la-reduccion-del-crimen-y-los-conflictos-sociales","status":"publish","type":"post","link":"https:\/\/periodicolarepublica.com\/index.php\/2026\/01\/12\/gobierno-refuerza-politicas-publicas-de-prevencion-y-amplia-el-control-para-la-reduccion-del-crimen-y-los-conflictos-sociales\/","title":{"rendered":"Gobierno refuerza pol\u00edticas p\u00fablicas de prevenci\u00f3n y ampl\u00eda el control para la reducci\u00f3n del crimen y los conflictos sociales"},"content":{"rendered":"<p>M\u00e1s de 6,500 armas ilegales fueron retiradas de las calles en 2025<\/p>\n<p>Santo Domingo. El Gobierno dominicano refuerza en 2026 las pol\u00edticas p\u00fablicas de prevenci\u00f3n y control, ampl\u00eda el uso de tecnolog\u00eda y fortalece la participaci\u00f3n ciudadana, con el objetivo de reducir el crimen y los conflictos sociales, y garantizar la paz, la convivencia y la seguridad de la poblaci\u00f3n.<\/p>\n<p>&nbsp;<\/p>\n<p>La ministra de Interior y Polic\u00eda, Faride Raful, ofreci\u00f3 estas declaraciones al t\u00e9rmino de la primera reuni\u00f3n presencial de la Fuerza de Tarea Conjunta en 2026, encabezada por el presidente de la Rep\u00fablica, Luis Abinader, donde anunci\u00f3 que este a\u00f1o se duplicar\u00e1n los esfuerzos contra el tr\u00e1fico y el porte ilegal de armas, as\u00ed como el desmantelamiento de bandas criminales que operan en el pa\u00eds.<\/p>\n<p>&nbsp;<\/p>\n<p>En ese contexto, la ministra detall\u00f3 las \u00e1reas prioritarias de acci\u00f3n de la Fuerza de Tarea Conjunta, entre ellas el desmantelamiento de bandas y estructuras del crimen organizado, la lucha frontal contra el microtr\u00e1fico, la protecci\u00f3n integral de ni\u00f1os, ni\u00f1as y adolescentes, as\u00ed como el control de los mercados il\u00edcitos vinculados al robo de celulares, motocicletas y metales.<\/p>\n<p>&nbsp;<\/p>\n<p>Destac\u00f3 la puesta en funcionamiento de un centro de verificaci\u00f3n de celulares en Plaza Central, desarrollado en coordinaci\u00f3n con el Instituto Dominicano de las Telecomunicaciones (Indotel), la Procuradur\u00eda General de la Rep\u00fablica y la Polic\u00eda Nacional, que permite a los ciudadanos comprobar gratuitamente si un dispositivo es robado. Este proyecto ser\u00e1 ampliado progresivamente a otros puntos del pa\u00eds.<\/p>\n<p>&nbsp;<\/p>\n<p>Raful subray\u00f3 adem\u00e1s el fortalecimiento del orden p\u00fablico y la prevenci\u00f3n, mediante acciones contra la contaminaci\u00f3n s\u00f3nica, la implementaci\u00f3n del nuevo modelo de patrullaje preventivo y el trabajo territorial a trav\u00e9s de las mesas de seguridad ciudadana, en coordinaci\u00f3n con diversas instituciones del Estado.<\/p>\n<p>&nbsp;<\/p>\n<p>Indic\u00f3 que otro eje fundamental ser\u00e1 la lucha contra la violencia de g\u00e9nero. Inform\u00f3 que en 2025 se ejecut\u00f3 el 85 % de las \u00f3rdenes de arresto, y que, mediante la estrategia Puntos Vida, se ampl\u00edan las opciones de protecci\u00f3n para mujeres en situaci\u00f3n de riesgo, en coordinaci\u00f3n con la Procuradur\u00eda General de la Rep\u00fablica y el Ministerio de la Mujer.<\/p>\n<p>&nbsp;<\/p>\n<p>La ministra tambi\u00e9n precis\u00f3 que el trabajo de la Fuerza de Tarea Vial ha permitido reducir la letalidad en los siniestros de tr\u00e1nsito, mediante el reforzamiento de los operativos y el seguimiento semanal de los indicadores, aunque reconoci\u00f3 que se ha registrado un aumento de accidentes en algunas v\u00edas principales.<\/p>\n<p>&nbsp;<\/p>\n<p>Asimismo, destac\u00f3 que el esfuerzo articulado e interinstitucional realizado durante 2025 permiti\u00f3 retirar de las calles m\u00e1s de 6,500 armas ilegales mediante operativos coordinados. Se\u00f1al\u00f3 que este tipo de armas est\u00e1 presente en alrededor del 70 % de los homicidios y hechos violentos registrados en el pa\u00eds.<\/p>\n<p>&nbsp;<\/p>\n<p>Raful se\u00f1al\u00f3 que, gracias a la labor conjunta de la Polic\u00eda Nacional y las Fuerzas Armadas, durante el per\u00edodo de mayor actividad social del a\u00f1o se desplegaron m\u00e1s de 27,000 agentes policiales y 3,000 miembros del Ej\u00e9rcito, con el objetivo de prevenir la delincuencia, reducir la conflictividad social y preservar vidas en todo el territorio nacional.<\/p>\n<p>&nbsp;<\/p>\n<p>Como resultado de este trabajo coordinado, inform\u00f3 que la tasa preliminar acumulada de homicidios al cierre de 2025 se situ\u00f3 en 8.15 por cada 100,000 habitantes, un indicador que calific\u00f3 como hist\u00f3rico en materia de seguridad ciudadana. Precis\u00f3 que esta cifra est\u00e1 sujeta a ajustes t\u00e9cnicos, debido a investigaciones en curso y casos con personas heridas a\u00fan bajo seguimiento.<\/p>\n<p>&nbsp;<\/p>\n<p>Agreg\u00f3 que 27 demarcaciones registran tasas de homicidios en un solo d\u00edgito y solo siete en dos d\u00edgitos. Asimismo, se\u00f1al\u00f3 que en enero de 2026 los indicadores preliminares se sit\u00faan en 9.4.<\/p>\n<p>&nbsp;<\/p>\n<p>\u201cPara nosotros, cada homicidio representa una familia dominicana que sufre. Por eso trabajamos 24\/7, sin descanso, para seguir reduciendo la violencia y la delincuencia\u201d, expres\u00f3 la ministra.<\/p>\n<figure id=\"attachment_4380\" aria-describedby=\"caption-attachment-4380\" style=\"width: 300px\" class=\"wp-caption alignnone\"><img loading=\"lazy\" decoding=\"async\" class=\"size-medium wp-image-4380\" src=\"https:\/\/periodicolarepublica.com\/wp-content\/uploads\/2025\/11\/images-32-300x300.jpeg\" alt=\"Interior\" width=\"300\" height=\"300\" srcset=\"https:\/\/periodicolarepublica.com\/wp-content\/uploads\/2025\/11\/images-32-300x300.jpeg 300w, https:\/\/periodicolarepublica.com\/wp-content\/uploads\/2025\/11\/images-32-150x150.jpeg 150w, https:\/\/periodicolarepublica.com\/wp-content\/uploads\/2025\/11\/images-32.jpeg 447w\" sizes=\"auto, (max-width: 300px) 100vw, 300px\" \/><figcaption id=\"caption-attachment-4380\" class=\"wp-caption-text\">Interior<\/figcaption><\/figure>\n","protected":false},"excerpt":{"rendered":"<p>M\u00e1s de 6,500 armas ilegales fueron retiradas de las calles en 2025 Santo Domingo. El Gobierno dominicano refuerza en 2026 las pol\u00edticas p\u00fablicas de prevenci\u00f3n y control, ampl\u00eda el uso de tecnolog\u00eda y fortalece la participaci\u00f3n ciudadana, con el objetivo de reducir el crimen y los conflictos sociales, y garantizar la paz, la convivencia y [&hellip;]<\/p>\n","protected":false},"author":6,"featured_media":4380,"comment_status":"open","ping_status":"open","sticky":false,"template":"","format":"standard","meta":{"om_disable_all_campaigns":false,"_monsterinsights_skip_tracking":false,"_monsterinsights_sitenote_active":false,"_monsterinsights_sitenote_note":"","_monsterinsights_sitenote_category":0,"footnotes":""},"categories":[1],"tags":[],"class_list":{"0":"post-4845","1":"post","2":"type-post","3":"status-publish","4":"format-standard","5":"has-post-thumbnail","7":"category-nacionales"},"aioseo_notices":[],"_links":{"self":[{"href":"https:\/\/periodicolarepublica.com\/index.php\/wp-json\/wp\/v2\/posts\/4845","targetHints":{"allow":["GET"]}}],"collection":[{"href":"https:\/\/periodicolarepublica.com\/index.php\/wp-json\/wp\/v2\/posts"}],"about":[{"href":"https:\/\/periodicolarepublica.com\/index.php\/wp-json\/wp\/v2\/types\/post"}],"author":[{"embeddable":true,"href":"https:\/\/periodicolarepublica.com\/index.php\/wp-json\/wp\/v2\/users\/6"}],"replies":[{"embeddable":true,"href":"https:\/\/periodicolarepublica.com\/index.php\/wp-json\/wp\/v2\/comments?post=4845"}],"version-history":[{"count":1,"href":"https:\/\/periodicolarepublica.com\/index.php\/wp-json\/wp\/v2\/posts\/4845\/revisions"}],"predecessor-version":[{"id":4846,"href":"https:\/\/periodicolarepublica.com\/index.php\/wp-json\/wp\/v2\/posts\/4845\/revisions\/4846"}],"wp:featuredmedia":[{"embeddable":true,"href":"https:\/\/periodicolarepublica.com\/index.php\/wp-json\/wp\/v2\/media\/4380"}],"wp:attachment":[{"href":"https:\/\/periodicolarepublica.com\/index.php\/wp-json\/wp\/v2\/media?parent=4845"}],"wp:term":[{"taxonomy":"category","embeddable":true,"href":"https:\/\/periodicolarepublica.com\/index.php\/wp-json\/wp\/v2\/categories?post=4845"},{"taxonomy":"post_tag","embeddable":true,"href":"https:\/\/periodicolarepublica.com\/index.php\/wp-json\/wp\/v2\/tags?post=4845"}],"curies":[{"name":"wp","href":"https:\/\/api.w.org\/{rel}","templated":true}]}}