{"id":4851,"date":"2026-01-13T08:04:55","date_gmt":"2026-01-13T12:04:55","guid":{"rendered":"https:\/\/periodicolarepublica.com\/?p=4851"},"modified":"2026-01-13T08:04:55","modified_gmt":"2026-01-13T12:04:55","slug":"tomas-hernandez-alberto-reafirma-respaldo-total-al-presidente-luis-abinader-y-llama-al-prm-a-mantener-su-unidad-y-fortaleza","status":"publish","type":"post","link":"https:\/\/periodicolarepublica.com\/index.php\/2026\/01\/13\/tomas-hernandez-alberto-reafirma-respaldo-total-al-presidente-luis-abinader-y-llama-al-prm-a-mantener-su-unidad-y-fortaleza\/","title":{"rendered":"Tom\u00e1s Hern\u00e1ndez Alberto reafirma respaldo total al presidente Luis Abinader y llama al PRM a mantener su unidad y fortaleza\u00a0"},"content":{"rendered":"<p>Santo Domingo, RD. \u2013 El dirigente pol\u00edtico Tom\u00e1s Hern\u00e1ndez Alberto expres\u00f3 su respaldo absoluto y sin reservas a las acciones y designaciones realizadas por el presidente de la Rep\u00fablica, Luis Abinader, destacando que dichas decisiones fortalecen la institucionalidad, consolidan el proyecto de gobierno y reafirman el compromiso del mandatario con el desarrollo integral del pa\u00eds.<\/p>\n<p>&nbsp;<\/p>\n<p>Hern\u00e1ndez Alberto subray\u00f3 que el presidente Abinader gobierna en estrecha coordinaci\u00f3n con el Partido Revolucionario Moderno (PRM), escuchando a su dirigencia, respetando su base y tomando decisiones responsables que responden a los intereses del pueblo dominicano y a la visi\u00f3n hist\u00f3rica del partido.<\/p>\n<p>&nbsp;<\/p>\n<p>\u201cEl PRM no puede perder su esencia ni su fortaleza. Somos un partido unido, democr\u00e1tico y comprometido con el cambio verdadero. El presidente Luis Abinader no gobierna de espaldas a su partido; gobierna junto al PRM, con su base, con su dirigencia y con el pueblo\u201d, afirm\u00f3.<\/p>\n<p>&nbsp;<\/p>\n<p>En ese sentido, hizo un llamado claro y directo a los compa\u00f1eros y compa\u00f1eras del PRM a no dejarse confundir por sectores ni por algunos medios de comunicaci\u00f3n que intentan crear falsas narrativas, asegurando err\u00f3neamente que el presidente no toma en cuenta la base del partido.<\/p>\n<p>&nbsp;<\/p>\n<p>\u201cEso no es cierto. El presidente Abinader ha demostrado con hechos que valora, respeta y escucha a su partido. Cada paso que da est\u00e1 orientado a fortalecer el gobierno, al PRM y a llevar desarrollo, estabilidad y bienestar a la naci\u00f3n dominicana\u201d, enfatiz\u00f3.<\/p>\n<p>&nbsp;<\/p>\n<p>Tom\u00e1s Hern\u00e1ndez Alberto reiter\u00f3 que la unidad, la lealtad y la madurez pol\u00edtica son fundamentales en este momento hist\u00f3rico, exhortando a la dirigencia y militancia a cerrar filas en torno al liderazgo del presidente Luis Abinader y al proyecto de transformaci\u00f3n que encabeza.<\/p>\n<p>&nbsp;<\/p>\n<p>Finalmente, asegur\u00f3 que solo con un PRM fuerte, unido y consciente de su responsabilidad hist\u00f3rica se podr\u00e1 continuar impulsando el desarrollo del pa\u00eds y consolidar los avances logrados bajo la actual gesti\u00f3n de gobierno.<img loading=\"lazy\" decoding=\"async\" class=\"size-medium wp-image-4852 alignright\" src=\"https:\/\/periodicolarepublica.com\/wp-content\/uploads\/2026\/01\/SaveClip.App_485931371_9288273997877048_4708001635428444518_n-300x200.jpg\" alt=\"\" width=\"300\" height=\"200\" srcset=\"https:\/\/periodicolarepublica.com\/wp-content\/uploads\/2026\/01\/SaveClip.App_485931371_9288273997877048_4708001635428444518_n-300x200.jpg?v=1768305875 300w, https:\/\/periodicolarepublica.com\/wp-content\/uploads\/2026\/01\/SaveClip.App_485931371_9288273997877048_4708001635428444518_n-1024x682.jpg?v=1768305875 1024w, https:\/\/periodicolarepublica.com\/wp-content\/uploads\/2026\/01\/SaveClip.App_485931371_9288273997877048_4708001635428444518_n-768x511.jpg?v=1768305875 768w, https:\/\/periodicolarepublica.com\/wp-content\/uploads\/2026\/01\/SaveClip.App_485931371_9288273997877048_4708001635428444518_n-150x100.jpg?v=1768305875 150w, https:\/\/periodicolarepublica.com\/wp-content\/uploads\/2026\/01\/SaveClip.App_485931371_9288273997877048_4708001635428444518_n-600x399.jpg?v=1768305875 600w, https:\/\/periodicolarepublica.com\/wp-content\/uploads\/2026\/01\/SaveClip.App_485931371_9288273997877048_4708001635428444518_n-696x463.jpg?v=1768305875 696w, https:\/\/periodicolarepublica.com\/wp-content\/uploads\/2026\/01\/SaveClip.App_485931371_9288273997877048_4708001635428444518_n-1068x711.jpg?v=1768305875 1068w, https:\/\/periodicolarepublica.com\/wp-content\/uploads\/2026\/01\/SaveClip.App_485931371_9288273997877048_4708001635428444518_n.jpg?v=1768305875 1080w\" sizes=\"auto, (max-width: 300px) 100vw, 300px\" \/><\/p>\n","protected":false},"excerpt":{"rendered":"<p>Santo Domingo, RD. \u2013 El dirigente pol\u00edtico Tom\u00e1s Hern\u00e1ndez Alberto expres\u00f3 su respaldo absoluto y sin reservas a las acciones y designaciones realizadas por el presidente de la Rep\u00fablica, Luis Abinader, destacando que dichas decisiones fortalecen la institucionalidad, consolidan el proyecto de gobierno y reafirman el compromiso del mandatario con el desarrollo integral del pa\u00eds. [&hellip;]<\/p>\n","protected":false},"author":10,"featured_media":4852,"comment_status":"open","ping_status":"open","sticky":false,"template":"","format":"standard","meta":{"om_disable_all_campaigns":false,"_monsterinsights_skip_tracking":false,"_monsterinsights_sitenote_active":false,"_monsterinsights_sitenote_note":"","_monsterinsights_sitenote_category":0,"footnotes":""},"categories":[1],"tags":[163],"class_list":{"0":"post-4851","1":"post","2":"type-post","3":"status-publish","4":"format-standard","5":"has-post-thumbnail","7":"category-nacionales","8":"tag-tomas-hernandez-alberto"},"aioseo_notices":[],"_links":{"self":[{"href":"https:\/\/periodicolarepublica.com\/index.php\/wp-json\/wp\/v2\/posts\/4851","targetHints":{"allow":["GET"]}}],"collection":[{"href":"https:\/\/periodicolarepublica.com\/index.php\/wp-json\/wp\/v2\/posts"}],"about":[{"href":"https:\/\/periodicolarepublica.com\/index.php\/wp-json\/wp\/v2\/types\/post"}],"author":[{"embeddable":true,"href":"https:\/\/periodicolarepublica.com\/index.php\/wp-json\/wp\/v2\/users\/10"}],"replies":[{"embeddable":true,"href":"https:\/\/periodicolarepublica.com\/index.php\/wp-json\/wp\/v2\/comments?post=4851"}],"version-history":[{"count":1,"href":"https:\/\/periodicolarepublica.com\/index.php\/wp-json\/wp\/v2\/posts\/4851\/revisions"}],"predecessor-version":[{"id":4853,"href":"https:\/\/periodicolarepublica.com\/index.php\/wp-json\/wp\/v2\/posts\/4851\/revisions\/4853"}],"wp:featuredmedia":[{"embeddable":true,"href":"https:\/\/periodicolarepublica.com\/index.php\/wp-json\/wp\/v2\/media\/4852"}],"wp:attachment":[{"href":"https:\/\/periodicolarepublica.com\/index.php\/wp-json\/wp\/v2\/media?parent=4851"}],"wp:term":[{"taxonomy":"category","embeddable":true,"href":"https:\/\/periodicolarepublica.com\/index.php\/wp-json\/wp\/v2\/categories?post=4851"},{"taxonomy":"post_tag","embeddable":true,"href":"https:\/\/periodicolarepublica.com\/index.php\/wp-json\/wp\/v2\/tags?post=4851"}],"curies":[{"name":"wp","href":"https:\/\/api.w.org\/{rel}","templated":true}]}}