{"id":486,"date":"2024-03-20T03:38:51","date_gmt":"2024-03-20T02:38:51","guid":{"rendered":"https:\/\/periodicolarepublica.com\/?p=486"},"modified":"2024-03-20T03:38:51","modified_gmt":"2024-03-20T02:38:51","slug":"vicepresidenta-raquel-pena-y-ministro-bonilla-entregan-obras-en-santo-domingo-este","status":"publish","type":"post","link":"https:\/\/periodicolarepublica.com\/index.php\/2024\/03\/20\/vicepresidenta-raquel-pena-y-ministro-bonilla-entregan-obras-en-santo-domingo-este\/","title":{"rendered":"Vicepresidenta Raquel Pe\u00f1a y ministro Bonilla entregan obras en Santo Domingo Este"},"content":{"rendered":"<p style=\"text-align: center;\"><img loading=\"lazy\" decoding=\"async\" class=\"alignnone size-medium wp-image-487\" src=\"https:\/\/periodicolarepublica.com\/wp-content\/uploads\/2024\/03\/Picsart_24-03-19_21-39-07-392-300x150.jpg\" alt=\"\" width=\"300\" height=\"150\" srcset=\"https:\/\/periodicolarepublica.com\/wp-content\/uploads\/2024\/03\/Picsart_24-03-19_21-39-07-392-300x150.jpg?v=1715379808 300w, https:\/\/periodicolarepublica.com\/wp-content\/uploads\/2024\/03\/Picsart_24-03-19_21-39-07-392-1024x512.jpg?v=1715379808 1024w, https:\/\/periodicolarepublica.com\/wp-content\/uploads\/2024\/03\/Picsart_24-03-19_21-39-07-392-768x384.jpg?v=1715379808 768w, https:\/\/periodicolarepublica.com\/wp-content\/uploads\/2024\/03\/Picsart_24-03-19_21-39-07-392-1536x768.jpg?v=1715379808 1536w, https:\/\/periodicolarepublica.com\/wp-content\/uploads\/2024\/03\/Picsart_24-03-19_21-39-07-392-2048x1024.jpg?v=1715379808 2048w, https:\/\/periodicolarepublica.com\/wp-content\/uploads\/2024\/03\/Picsart_24-03-19_21-39-07-392-150x75.jpg?v=1715379808 150w, https:\/\/periodicolarepublica.com\/wp-content\/uploads\/2024\/03\/Picsart_24-03-19_21-39-07-392-600x300.jpg?v=1715379808 600w, https:\/\/periodicolarepublica.com\/wp-content\/uploads\/2024\/03\/Picsart_24-03-19_21-39-07-392-696x348.jpg?v=1715379808 696w, https:\/\/periodicolarepublica.com\/wp-content\/uploads\/2024\/03\/Picsart_24-03-19_21-39-07-392-1392x696.jpg?v=1715379808 1392w, https:\/\/periodicolarepublica.com\/wp-content\/uploads\/2024\/03\/Picsart_24-03-19_21-39-07-392-1068x534.jpg?v=1715379808 1068w, https:\/\/periodicolarepublica.com\/wp-content\/uploads\/2024\/03\/Picsart_24-03-19_21-39-07-392-1920x960.jpg?v=1715379808 1920w\" sizes=\"auto, (max-width: 300px) 100vw, 300px\" \/><\/p>\n<p>La vicepresidenta de la Rep\u00fablica, Raquel Pe\u00f1a, y el ministro de Vivienda y Edificaciones, Carlos Bonilla, entregaron este martes la segunda etapa del proceso de mejoramiento del h\u00e1bitat de las comunidades de San Luis y Brisas del Este, ambos sectores del municipio Santo Domingo Este.<\/p>\n<p>A trav\u00e9s de esta iniciativa se asfaltaron 4.5 kil\u00f3metros de calles que se suman a los 7 kil\u00f3metros intervenidos previamente por el Ministerio de la Vivienda y Edificaciones (Mived), como parte del plan Dominicana se Reconstruye, que busca dignificar la vida de los ciudadanos en todo el pa\u00eds.<\/p>\n<p>Durante el acto, la vicepresidenta sostuvo que este asfaltado, la se\u00f1alizaci\u00f3n y la construcci\u00f3n de badenes representan una notable mejor\u00eda para todos, porque aportar\u00e1 seguridad para los comunitarios, as\u00ed como comodidad en sus desplazamientos, ahorro de tiempo y de recursos.<\/p>\n<p>Pe\u00f1a manifest\u00f3 que cada kil\u00f3metro reconstruido o que recibe mantenimiento significa nuevas y mejores condiciones para que todos los dominicanos puedan ir a sus trabajos, se fortalezca el intercambio comercial y los ni\u00f1os y j\u00f3venes asistan a la escuela.<\/p>\n<p>La vicemandataria indic\u00f3, adem\u00e1s, que este tipo de obras responden a la visi\u00f3n del presidente Luis Abinader de que todos los dominicanos deben tener las mismas oportunidades de desarrollo. \u201cEso est\u00e1 pasando aqu\u00ed en Brisas del Este\u201d, agreg\u00f3.<\/p>\n<p>En tanto, el ministro Carlos Bonilla precis\u00f3 que aunque parecen proyectos peque\u00f1os, si son importantes para los ciudadanos, son de inter\u00e9s para el Gobierno.<\/p>\n<p>\u00abToda nuestra gesti\u00f3n est\u00e1 comprometida en lograr el desarrollo nacional, para atender las necesidades de los dominicanos\u00bb expres\u00f3 el ingeniero Bonilla.<\/p>\n<p>Durante la ejecuci\u00f3n del proyecto, para el que se destinaron RD$ 105,000,000, en esta segunda fase, tambi\u00e9n se construyeron imbornales y badenes, y se realiz\u00f3 un proceso de se\u00f1alizaci\u00f3n de calles y pasos de cebras.<\/p>\n<p>&nbsp;<\/p>\n","protected":false},"excerpt":{"rendered":"<p>La vicepresidenta de la Rep\u00fablica, Raquel Pe\u00f1a, y el ministro de Vivienda y Edificaciones, Carlos Bonilla, entregaron este martes la segunda etapa del proceso de mejoramiento del h\u00e1bitat de las comunidades de San Luis y Brisas del Este, ambos sectores del municipio Santo Domingo Este. A trav\u00e9s de esta iniciativa se asfaltaron 4.5 kil\u00f3metros de [&hellip;]<\/p>\n","protected":false},"author":1,"featured_media":487,"comment_status":"open","ping_status":"open","sticky":false,"template":"","format":"standard","meta":{"om_disable_all_campaigns":false,"_monsterinsights_skip_tracking":false,"_monsterinsights_sitenote_active":false,"_monsterinsights_sitenote_note":"","_monsterinsights_sitenote_category":0,"footnotes":""},"categories":[1],"tags":[146,145,144,94],"class_list":{"0":"post-486","1":"post","2":"type-post","3":"status-publish","4":"format-standard","5":"has-post-thumbnail","7":"category-nacionales","8":"tag-carlos-bonilla","9":"tag-mived","10":"tag-raquel-pena","11":"tag-santo-domingo-este"},"aioseo_notices":[],"_links":{"self":[{"href":"https:\/\/periodicolarepublica.com\/index.php\/wp-json\/wp\/v2\/posts\/486","targetHints":{"allow":["GET"]}}],"collection":[{"href":"https:\/\/periodicolarepublica.com\/index.php\/wp-json\/wp\/v2\/posts"}],"about":[{"href":"https:\/\/periodicolarepublica.com\/index.php\/wp-json\/wp\/v2\/types\/post"}],"author":[{"embeddable":true,"href":"https:\/\/periodicolarepublica.com\/index.php\/wp-json\/wp\/v2\/users\/1"}],"replies":[{"embeddable":true,"href":"https:\/\/periodicolarepublica.com\/index.php\/wp-json\/wp\/v2\/comments?post=486"}],"version-history":[{"count":1,"href":"https:\/\/periodicolarepublica.com\/index.php\/wp-json\/wp\/v2\/posts\/486\/revisions"}],"predecessor-version":[{"id":488,"href":"https:\/\/periodicolarepublica.com\/index.php\/wp-json\/wp\/v2\/posts\/486\/revisions\/488"}],"wp:featuredmedia":[{"embeddable":true,"href":"https:\/\/periodicolarepublica.com\/index.php\/wp-json\/wp\/v2\/media\/487"}],"wp:attachment":[{"href":"https:\/\/periodicolarepublica.com\/index.php\/wp-json\/wp\/v2\/media?parent=486"}],"wp:term":[{"taxonomy":"category","embeddable":true,"href":"https:\/\/periodicolarepublica.com\/index.php\/wp-json\/wp\/v2\/categories?post=486"},{"taxonomy":"post_tag","embeddable":true,"href":"https:\/\/periodicolarepublica.com\/index.php\/wp-json\/wp\/v2\/tags?post=486"}],"curies":[{"name":"wp","href":"https:\/\/api.w.org\/{rel}","templated":true}]}}