{"id":4860,"date":"2026-01-15T12:44:02","date_gmt":"2026-01-15T16:44:02","guid":{"rendered":"https:\/\/periodicolarepublica.com\/?p=4860"},"modified":"2026-01-15T12:44:02","modified_gmt":"2026-01-15T16:44:02","slug":"eco5rd-recolecta-mas-de-20550-toneladas-de-desechos-solidos-durante-el-programa-la-ruta-de-la-limpieza","status":"publish","type":"post","link":"https:\/\/periodicolarepublica.com\/index.php\/2026\/01\/15\/eco5rd-recolecta-mas-de-20550-toneladas-de-desechos-solidos-durante-el-programa-la-ruta-de-la-limpieza\/","title":{"rendered":"*Eco5RD recolecta m\u00e1s de 20,550 toneladas de desechos s\u00f3lidos durante el programa \u201cLa Ruta de la Limpieza\u201d*"},"content":{"rendered":"<p>Carlos Pellerano Directo Ejecutivo de la instituci\u00f3n afirma que continuar\u00e1n apoyando a los alcaldes con el mismo compromiso del presidente Luis Abinader_<\/p>\n<p>Santo Domingo, RD. Con el firme prop\u00f3sito de proteger la salud y el medio ambiente, dos pilares fundamentales del gobierno que encabeza el presidente Luis Abinader, la Unidad Ejecutora de la Presidencia Eco5RD finalizo con exito el programa \u201cLa Ruta de la Limpieza Navide\u00f1a\u201d, una iniciativa destinada a apoyar a las alcald\u00edas del pa\u00eds en la recolecci\u00f3n de desechos s\u00f3lidos en municipios y distritos municipales.<\/p>\n<p>&nbsp;<\/p>\n<p>Siguiendo los lineamientos del presidente Luis Abinader, Eco5RD ejecut\u00f3 con \u00e9xito este programa, logrando recolectar a nivel nacional m\u00e1s de 20,550 toneladas de desechos s\u00f3lidos, extra\u00eddos de calles y ca\u00f1adas. La jornada inici\u00f3 en noviembre de 2025 y se extendi\u00f3 hasta el 11 de enero de 2026.<\/p>\n<p>&nbsp;<\/p>\n<p>Al presentar estas cifras, el director ejecutivo de Eco5RD, Carlos Pellerano, destac\u00f3 que este logro responde a la visi\u00f3n de un gobierno que cree en la municipalidad y en el fortalecimiento de los gobiernos locales, as\u00ed como al esfuerzo de los equipos de hombres y mujeres que dieron la milla extra para que el programa tuviera alcance nacional.<\/p>\n<p>&nbsp;<\/p>\n<p>Pellerano explic\u00f3 que el programa impact\u00f3 de manera directa los municipios de San Crist\u00f3bal, Bonao, Hig\u00fcey, La Vega, La Romana, Hato Mayor, Saman\u00e1, Ban\u00ed, Azua, Barahona, Moca y Nagua, as\u00ed como la provincia Santo Domingo, incluyendo los municipios Santo Domingo Este, Oeste y Norte.<\/p>\n<p>&nbsp;<\/p>\n<p>En ese mismo orden, inform\u00f3 que el operativo realizado en coordinaci\u00f3n con la alcaldesa del Distrito Nacional, Carolina Mej\u00eda, se desarroll\u00f3 desde el 17 de diciembre hasta el 9 de enero de 2026, logrando retirar de calles y ca\u00f1adas del Distrito Nacional aproximadamente 5,249 toneladas de desechos s\u00f3lidos.<\/p>\n<p>&nbsp;<\/p>\n<p>Finalmente, el director ejecutivo de Eco5RD expres\u00f3 su agradecimiento a cada uno de los alcaldes y directores de distritos municipales que, desde el primer d\u00eda, apoyaron de manera decidida el programa \u201cLa Ruta de la Limpieza\u201d, y asegur\u00f3 que la instituci\u00f3n continuar\u00e1 respaldando a los gobiernos locales con el mismo compromiso social que caracteriza al presidente Luis Abinader.<img loading=\"lazy\" decoding=\"async\" class=\"size-medium wp-image-4861 alignright\" src=\"https:\/\/periodicolarepublica.com\/wp-content\/uploads\/2026\/01\/IMG-20260115-WA0250-300x169.jpg\" alt=\"\" width=\"300\" height=\"169\" srcset=\"https:\/\/periodicolarepublica.com\/wp-content\/uploads\/2026\/01\/IMG-20260115-WA0250-300x169.jpg?v=1768495433 300w, https:\/\/periodicolarepublica.com\/wp-content\/uploads\/2026\/01\/IMG-20260115-WA0250-1024x576.jpg?v=1768495433 1024w, https:\/\/periodicolarepublica.com\/wp-content\/uploads\/2026\/01\/IMG-20260115-WA0250-768x432.jpg?v=1768495433 768w, https:\/\/periodicolarepublica.com\/wp-content\/uploads\/2026\/01\/IMG-20260115-WA0250-1536x864.jpg?v=1768495433 1536w, https:\/\/periodicolarepublica.com\/wp-content\/uploads\/2026\/01\/IMG-20260115-WA0250-150x84.jpg?v=1768495433 150w, https:\/\/periodicolarepublica.com\/wp-content\/uploads\/2026\/01\/IMG-20260115-WA0250-600x338.jpg?v=1768495433 600w, https:\/\/periodicolarepublica.com\/wp-content\/uploads\/2026\/01\/IMG-20260115-WA0250-696x392.jpg?v=1768495433 696w, https:\/\/periodicolarepublica.com\/wp-content\/uploads\/2026\/01\/IMG-20260115-WA0250-1392x783.jpg?v=1768495433 1392w, https:\/\/periodicolarepublica.com\/wp-content\/uploads\/2026\/01\/IMG-20260115-WA0250-1068x601.jpg?v=1768495433 1068w, https:\/\/periodicolarepublica.com\/wp-content\/uploads\/2026\/01\/IMG-20260115-WA0250.jpg?v=1768495433 1600w\" sizes=\"auto, (max-width: 300px) 100vw, 300px\" \/><\/p>\n","protected":false},"excerpt":{"rendered":"<p>Carlos Pellerano Directo Ejecutivo de la instituci\u00f3n afirma que continuar\u00e1n apoyando a los alcaldes con el mismo compromiso del presidente Luis Abinader_ Santo Domingo, RD. Con el firme prop\u00f3sito de proteger la salud y el medio ambiente, dos pilares fundamentales del gobierno que encabeza el presidente Luis Abinader, la Unidad Ejecutora de la Presidencia Eco5RD [&hellip;]<\/p>\n","protected":false},"author":10,"featured_media":4861,"comment_status":"open","ping_status":"open","sticky":false,"template":"","format":"standard","meta":{"om_disable_all_campaigns":false,"_monsterinsights_skip_tracking":false,"_monsterinsights_sitenote_active":false,"_monsterinsights_sitenote_note":"","_monsterinsights_sitenote_category":0,"footnotes":""},"categories":[1],"tags":[],"class_list":{"0":"post-4860","1":"post","2":"type-post","3":"status-publish","4":"format-standard","5":"has-post-thumbnail","7":"category-nacionales"},"aioseo_notices":[],"_links":{"self":[{"href":"https:\/\/periodicolarepublica.com\/index.php\/wp-json\/wp\/v2\/posts\/4860","targetHints":{"allow":["GET"]}}],"collection":[{"href":"https:\/\/periodicolarepublica.com\/index.php\/wp-json\/wp\/v2\/posts"}],"about":[{"href":"https:\/\/periodicolarepublica.com\/index.php\/wp-json\/wp\/v2\/types\/post"}],"author":[{"embeddable":true,"href":"https:\/\/periodicolarepublica.com\/index.php\/wp-json\/wp\/v2\/users\/10"}],"replies":[{"embeddable":true,"href":"https:\/\/periodicolarepublica.com\/index.php\/wp-json\/wp\/v2\/comments?post=4860"}],"version-history":[{"count":1,"href":"https:\/\/periodicolarepublica.com\/index.php\/wp-json\/wp\/v2\/posts\/4860\/revisions"}],"predecessor-version":[{"id":4862,"href":"https:\/\/periodicolarepublica.com\/index.php\/wp-json\/wp\/v2\/posts\/4860\/revisions\/4862"}],"wp:featuredmedia":[{"embeddable":true,"href":"https:\/\/periodicolarepublica.com\/index.php\/wp-json\/wp\/v2\/media\/4861"}],"wp:attachment":[{"href":"https:\/\/periodicolarepublica.com\/index.php\/wp-json\/wp\/v2\/media?parent=4860"}],"wp:term":[{"taxonomy":"category","embeddable":true,"href":"https:\/\/periodicolarepublica.com\/index.php\/wp-json\/wp\/v2\/categories?post=4860"},{"taxonomy":"post_tag","embeddable":true,"href":"https:\/\/periodicolarepublica.com\/index.php\/wp-json\/wp\/v2\/tags?post=4860"}],"curies":[{"name":"wp","href":"https:\/\/api.w.org\/{rel}","templated":true}]}}