{"id":4866,"date":"2026-01-15T15:13:40","date_gmt":"2026-01-15T19:13:40","guid":{"rendered":"https:\/\/periodicolarepublica.com\/?p=4866"},"modified":"2026-01-15T15:13:40","modified_gmt":"2026-01-15T19:13:40","slug":"cnss-juramenta-presidente-del-colegio-medico-dominicano","status":"publish","type":"post","link":"https:\/\/periodicolarepublica.com\/index.php\/2026\/01\/15\/cnss-juramenta-presidente-del-colegio-medico-dominicano\/","title":{"rendered":"CNSS juramenta presidente del Colegio M\u00e9dico Dominicano"},"content":{"rendered":"<p>El Ministro de Trabajo y presidente del Consejo Nacional de Seguridad Social (CNSS), Eddy Olivares jurament\u00f3 este jueves a los representantes del Colegio M\u00e9dico Dominicano (CMD) ante la entidad rectora del Sistema Dominicano de Seguridad Social (SDSS).<\/p>\n<p>&nbsp;<\/p>\n<p>El presidente del CNSS junto a la gerente general de la entidad, Aura Celeste Fern\u00e1ndez Rodr\u00edguez tom\u00f3 juramento al doctor Luis Alberto Pe\u00f1a N\u00fa\u00f1ez y a la doctora Mercedes Rodr\u00edguez como titular y suplente.<\/p>\n<p>&nbsp;<\/p>\n<p>El doctor Pe\u00f1a N\u00fa\u00f1ez, actual presidente del Colegio M\u00e9dico Dominicano al ser juramentado manifest\u00f3 que trabajar\u00e1n en procura de fortalecer el funcionamiento del Sistema Dominicano de Seguridad Social (SDSS).<\/p>\n<p>&nbsp;<\/p>\n<p>Tras la juramentaci\u00f3n, los representantes del CMD ser\u00e1n integrados a las diversas comisiones de trabajo del CNSS las cuales estudian y eval\u00faan diferentes temas que luego son presentados al pleno del Consejo.<\/p>\n<p>&nbsp;<\/p>\n<p>Con esta juramentaci\u00f3n se cumple con la representaci\u00f3n de dicho sector en el Consejo como lo establece el art\u00edculo 23 de la Ley 87-01 que crea el Sistema. Adem\u00e1s, especifica que la representaci\u00f3n de los sectores con dos o m\u00e1s titulares deber\u00e1 garantizar la participaci\u00f3n de ambos g\u00e9neros. En los casos de una sola representaci\u00f3n, el suplente corresponder\u00e1 al g\u00e9nero opuesto.<\/p>\n<p>&nbsp;<\/p>\n<p>El acto se realiz\u00f3 con la presencia del viceministro de Trabajo en Seguridad Social y Riesgos Laborales, Juan Est\u00e9vez; el viceministro de Salud P\u00fablica, Jos\u00e9 Antonio Matos, la subgerente general CNSS, Anneline Escoto y el pleno del Consejo.<\/p>\n<p>&nbsp;<\/p>\n<p>El CNSS es el \u00f3rgano rector y superior del Sistema Dominicano de Seguridad Social (SDSS). Est\u00e1 integrado por los siguientes sectores: Gobierno, empleador, laboral, salud, gremios de enfermer\u00edas, profesionales y t\u00e9cnicos, dem\u00e1s profesionales y t\u00e9cnicos de la salud, trabajadores de microempresas y desempleados, discapacitados e indigentes.<\/p>\n<p>&nbsp;<\/p>\n<p>&nbsp;<\/p>\n<p><img loading=\"lazy\" decoding=\"async\" class=\"alignnone size-medium wp-image-4867\" src=\"https:\/\/periodicolarepublica.com\/wp-content\/uploads\/2026\/01\/IMG-20260115-WA0077-e1768504394708-300x218.jpg\" alt=\"\" width=\"300\" height=\"218\" srcset=\"https:\/\/periodicolarepublica.com\/wp-content\/uploads\/2026\/01\/IMG-20260115-WA0077-e1768504394708-300x218.jpg 300w, https:\/\/periodicolarepublica.com\/wp-content\/uploads\/2026\/01\/IMG-20260115-WA0077-e1768504394708-768x558.jpg 768w, https:\/\/periodicolarepublica.com\/wp-content\/uploads\/2026\/01\/IMG-20260115-WA0077-e1768504394708-150x109.jpg 150w, https:\/\/periodicolarepublica.com\/wp-content\/uploads\/2026\/01\/IMG-20260115-WA0077-e1768504394708-600x436.jpg 600w, https:\/\/periodicolarepublica.com\/wp-content\/uploads\/2026\/01\/IMG-20260115-WA0077-e1768504394708-696x506.jpg 696w, https:\/\/periodicolarepublica.com\/wp-content\/uploads\/2026\/01\/IMG-20260115-WA0077-e1768504394708-324x235.jpg 324w, https:\/\/periodicolarepublica.com\/wp-content\/uploads\/2026\/01\/IMG-20260115-WA0077-e1768504394708-648x470.jpg 648w, https:\/\/periodicolarepublica.com\/wp-content\/uploads\/2026\/01\/IMG-20260115-WA0077-e1768504394708.jpg 988w\" sizes=\"auto, (max-width: 300px) 100vw, 300px\" \/><\/p>\n","protected":false},"excerpt":{"rendered":"<p>El Ministro de Trabajo y presidente del Consejo Nacional de Seguridad Social (CNSS), Eddy Olivares jurament\u00f3 este jueves a los representantes del Colegio M\u00e9dico Dominicano (CMD) ante la entidad rectora del Sistema Dominicano de Seguridad Social (SDSS). &nbsp; El presidente del CNSS junto a la gerente general de la entidad, Aura Celeste Fern\u00e1ndez Rodr\u00edguez tom\u00f3 [&hellip;]<\/p>\n","protected":false},"author":6,"featured_media":4867,"comment_status":"open","ping_status":"open","sticky":false,"template":"","format":"standard","meta":{"om_disable_all_campaigns":false,"_monsterinsights_skip_tracking":false,"_monsterinsights_sitenote_active":false,"_monsterinsights_sitenote_note":"","_monsterinsights_sitenote_category":0,"footnotes":""},"categories":[1],"tags":[],"class_list":{"0":"post-4866","1":"post","2":"type-post","3":"status-publish","4":"format-standard","5":"has-post-thumbnail","7":"category-nacionales"},"aioseo_notices":[],"_links":{"self":[{"href":"https:\/\/periodicolarepublica.com\/index.php\/wp-json\/wp\/v2\/posts\/4866","targetHints":{"allow":["GET"]}}],"collection":[{"href":"https:\/\/periodicolarepublica.com\/index.php\/wp-json\/wp\/v2\/posts"}],"about":[{"href":"https:\/\/periodicolarepublica.com\/index.php\/wp-json\/wp\/v2\/types\/post"}],"author":[{"embeddable":true,"href":"https:\/\/periodicolarepublica.com\/index.php\/wp-json\/wp\/v2\/users\/6"}],"replies":[{"embeddable":true,"href":"https:\/\/periodicolarepublica.com\/index.php\/wp-json\/wp\/v2\/comments?post=4866"}],"version-history":[{"count":1,"href":"https:\/\/periodicolarepublica.com\/index.php\/wp-json\/wp\/v2\/posts\/4866\/revisions"}],"predecessor-version":[{"id":4868,"href":"https:\/\/periodicolarepublica.com\/index.php\/wp-json\/wp\/v2\/posts\/4866\/revisions\/4868"}],"wp:featuredmedia":[{"embeddable":true,"href":"https:\/\/periodicolarepublica.com\/index.php\/wp-json\/wp\/v2\/media\/4867"}],"wp:attachment":[{"href":"https:\/\/periodicolarepublica.com\/index.php\/wp-json\/wp\/v2\/media?parent=4866"}],"wp:term":[{"taxonomy":"category","embeddable":true,"href":"https:\/\/periodicolarepublica.com\/index.php\/wp-json\/wp\/v2\/categories?post=4866"},{"taxonomy":"post_tag","embeddable":true,"href":"https:\/\/periodicolarepublica.com\/index.php\/wp-json\/wp\/v2\/tags?post=4866"}],"curies":[{"name":"wp","href":"https:\/\/api.w.org\/{rel}","templated":true}]}}