{"id":4869,"date":"2026-01-15T18:46:13","date_gmt":"2026-01-15T22:46:13","guid":{"rendered":"https:\/\/periodicolarepublica.com\/?p=4869"},"modified":"2026-01-15T18:46:13","modified_gmt":"2026-01-15T22:46:13","slug":"presentan-oficialmente-el-dominicana-open-2026","status":"publish","type":"post","link":"https:\/\/periodicolarepublica.com\/index.php\/2026\/01\/15\/presentan-oficialmente-el-dominicana-open-2026\/","title":{"rendered":"Presentan oficialmente el Dominicana Open 2026"},"content":{"rendered":"<p>&nbsp;<\/p>\n<p>La Federaci\u00f3n Dominicana de FootGolf present\u00f3 el #DominicanaOpen2026, a celebrarse del 5 al 8 de febrero en Guavaberry Country &amp; Club, con la participaci\u00f3n de atletas nacionales e internacionales.<\/p>\n<p>&nbsp;<\/p>\n<p>La actividad cont\u00f3 con la presencia de Fernando Teruel, viceministro t\u00e9cnico de Deportes; en representaci\u00f3n de la Fuerza A\u00e9rea de Rep\u00fablica Dominicana, el Mayor Kelvin Pe\u00f1a, subdirector de Deportes de la FARD; Olived Gonz\u00e1lez, gerente del campo de golf de Guavaberry; Nathaly Gonz\u00e1lez, gerente de Relaciones P\u00fablicas y Comunicaciones de Hodelpa Hospitality; Fernando Name, director de la Federaci\u00f3n Mexicana de FootGolf; Daniela Maza Pulido, representante de la Federaci\u00f3n Internacional de FootGolf; Carolina Marrera, presidenta de la Federaci\u00f3n Dominicana de FootGolf; y Marcelo Correa, gerente deportivo.<\/p>\n<p>&nbsp;<\/p>\n<p>El evento reafirma el posicionamiento de la Rep\u00fablica Dominicana como destino deportivo internacional, fortaleciendo el desarrollo y la proyecci\u00f3n del FootGolf en la regi\u00f3n.<\/p>\n<p>&nbsp;<\/p>\n<p>\ud83d\udcc5 5\u20138 febrero 2026<\/p>\n<p>\ud83d\udccd Guavaberry Country &amp; Club<\/p>\n<p>&nbsp;<\/p>\n<p>#DominicanaOpen2026 #FootGolfRD #FEDOFOOTGOLF #DeporteYTurismo<\/p>\n<p><img loading=\"lazy\" decoding=\"async\" class=\"alignnone size-medium wp-image-4870\" src=\"https:\/\/periodicolarepublica.com\/wp-content\/uploads\/2026\/01\/IMG-20260115-WA0084-290x300.jpg\" alt=\"\" width=\"290\" height=\"300\" srcset=\"https:\/\/periodicolarepublica.com\/wp-content\/uploads\/2026\/01\/IMG-20260115-WA0084-290x300.jpg 290w, https:\/\/periodicolarepublica.com\/wp-content\/uploads\/2026\/01\/IMG-20260115-WA0084-150x155.jpg 150w, https:\/\/periodicolarepublica.com\/wp-content\/uploads\/2026\/01\/IMG-20260115-WA0084-300x311.jpg 300w, https:\/\/periodicolarepublica.com\/wp-content\/uploads\/2026\/01\/IMG-20260115-WA0084.jpg 599w\" sizes=\"auto, (max-width: 290px) 100vw, 290px\" \/><\/p>\n","protected":false},"excerpt":{"rendered":"<p>&nbsp; La Federaci\u00f3n Dominicana de FootGolf present\u00f3 el #DominicanaOpen2026, a celebrarse del 5 al 8 de febrero en Guavaberry Country &amp; Club, con la participaci\u00f3n de atletas nacionales e internacionales. &nbsp; La actividad cont\u00f3 con la presencia de Fernando Teruel, viceministro t\u00e9cnico de Deportes; en representaci\u00f3n de la Fuerza A\u00e9rea de Rep\u00fablica Dominicana, el Mayor [&hellip;]<\/p>\n","protected":false},"author":6,"featured_media":4870,"comment_status":"open","ping_status":"open","sticky":false,"template":"","format":"standard","meta":{"om_disable_all_campaigns":false,"_monsterinsights_skip_tracking":false,"_monsterinsights_sitenote_active":false,"_monsterinsights_sitenote_note":"","_monsterinsights_sitenote_category":0,"footnotes":""},"categories":[21,1],"tags":[],"class_list":{"0":"post-4869","1":"post","2":"type-post","3":"status-publish","4":"format-standard","5":"has-post-thumbnail","7":"category-deporte","8":"category-nacionales"},"aioseo_notices":[],"_links":{"self":[{"href":"https:\/\/periodicolarepublica.com\/index.php\/wp-json\/wp\/v2\/posts\/4869","targetHints":{"allow":["GET"]}}],"collection":[{"href":"https:\/\/periodicolarepublica.com\/index.php\/wp-json\/wp\/v2\/posts"}],"about":[{"href":"https:\/\/periodicolarepublica.com\/index.php\/wp-json\/wp\/v2\/types\/post"}],"author":[{"embeddable":true,"href":"https:\/\/periodicolarepublica.com\/index.php\/wp-json\/wp\/v2\/users\/6"}],"replies":[{"embeddable":true,"href":"https:\/\/periodicolarepublica.com\/index.php\/wp-json\/wp\/v2\/comments?post=4869"}],"version-history":[{"count":1,"href":"https:\/\/periodicolarepublica.com\/index.php\/wp-json\/wp\/v2\/posts\/4869\/revisions"}],"predecessor-version":[{"id":4871,"href":"https:\/\/periodicolarepublica.com\/index.php\/wp-json\/wp\/v2\/posts\/4869\/revisions\/4871"}],"wp:featuredmedia":[{"embeddable":true,"href":"https:\/\/periodicolarepublica.com\/index.php\/wp-json\/wp\/v2\/media\/4870"}],"wp:attachment":[{"href":"https:\/\/periodicolarepublica.com\/index.php\/wp-json\/wp\/v2\/media?parent=4869"}],"wp:term":[{"taxonomy":"category","embeddable":true,"href":"https:\/\/periodicolarepublica.com\/index.php\/wp-json\/wp\/v2\/categories?post=4869"},{"taxonomy":"post_tag","embeddable":true,"href":"https:\/\/periodicolarepublica.com\/index.php\/wp-json\/wp\/v2\/tags?post=4869"}],"curies":[{"name":"wp","href":"https:\/\/api.w.org\/{rel}","templated":true}]}}