{"id":4872,"date":"2026-01-16T13:26:02","date_gmt":"2026-01-16T17:26:02","guid":{"rendered":"https:\/\/periodicolarepublica.com\/?p=4872"},"modified":"2026-01-16T13:26:02","modified_gmt":"2026-01-16T17:26:02","slug":"cierre-temporal-del-puente-flotante-este-sabado-para-dar-paso-a-embarcacion","status":"publish","type":"post","link":"https:\/\/periodicolarepublica.com\/index.php\/2026\/01\/16\/cierre-temporal-del-puente-flotante-este-sabado-para-dar-paso-a-embarcacion\/","title":{"rendered":"Cierre temporal del Puente Flotante este s\u00e1bado para dar paso a embarcaci\u00f3n"},"content":{"rendered":"<p>*Cierre temporal del Puente Flotante este s\u00e1bado para dar paso a embarcaci\u00f3n<\/p>\n<p>&nbsp;<\/p>\n<p>_MOPC recomienda a conductores desplazarse por v\u00edas alternas._<\/p>\n<p>&nbsp;<\/p>\n<p>El Puente Flotante sobre el r\u00edo Ozama ser\u00e1 cerrado este s\u00e1bado 17 de enero en horario de 10:00 de la ma\u00f1ana a 12:00 del mediod\u00eda, a fin de dar paso a una embarcaci\u00f3n.<\/p>\n<p>&nbsp;<\/p>\n<p>Debido a ello, durante esas dos horas el tr\u00e1nsito vehicular que se desplaza usando esa estructura ser\u00e1 interrumpido, inform\u00f3 el Ministerio de Obras P\u00fablicas y Comunicaciones a trav\u00e9s de una nota informativa.<\/p>\n<p>&nbsp;<\/p>\n<p>Las v\u00edas alternas para transitar desde la ciudad de Santo Domingo hacia Villa Duarte, y viceversa, incluyen los puentes Mat\u00edas Ram\u00f3n Mella y el Juan Pablo Duarte.<\/p>\n<p>&nbsp;<\/p>\n<p>El cierre del Puente Flotante est\u00e1 motivado a que en el tiempo establecido la embarcaci\u00f3n R\/M Pelican II estar\u00e1 subiendo hacia las instalaciones del astillero Joseph Industrial Development.<\/p>\n<p>&nbsp;<\/p>\n<p>Direcci\u00f3n de Comunicaciones y Prensa<\/p>\n<p>16 de enero de 2026.<\/p>\n<figure id=\"attachment_2908\" aria-describedby=\"caption-attachment-2908\" style=\"width: 225px\" class=\"wp-caption alignnone\"><img loading=\"lazy\" decoding=\"async\" class=\"size-full wp-image-2908\" src=\"https:\/\/periodicolarepublica.com\/wp-content\/uploads\/2025\/03\/images-12.png\" alt=\"\" width=\"225\" height=\"225\" srcset=\"https:\/\/periodicolarepublica.com\/wp-content\/uploads\/2025\/03\/images-12.png?v=1743190064 225w, https:\/\/periodicolarepublica.com\/wp-content\/uploads\/2025\/03\/images-12-150x150.png?v=1743190064 150w\" sizes=\"auto, (max-width: 225px) 100vw, 225px\" \/><figcaption id=\"caption-attachment-2908\" class=\"wp-caption-text\">MOPC<\/figcaption><\/figure>\n","protected":false},"excerpt":{"rendered":"<p>*Cierre temporal del Puente Flotante este s\u00e1bado para dar paso a embarcaci\u00f3n &nbsp; _MOPC recomienda a conductores desplazarse por v\u00edas alternas._ &nbsp; El Puente Flotante sobre el r\u00edo Ozama ser\u00e1 cerrado este s\u00e1bado 17 de enero en horario de 10:00 de la ma\u00f1ana a 12:00 del mediod\u00eda, a fin de dar paso a una embarcaci\u00f3n. [&hellip;]<\/p>\n","protected":false},"author":6,"featured_media":2908,"comment_status":"open","ping_status":"open","sticky":false,"template":"","format":"standard","meta":{"om_disable_all_campaigns":false,"_monsterinsights_skip_tracking":false,"_monsterinsights_sitenote_active":false,"_monsterinsights_sitenote_note":"","_monsterinsights_sitenote_category":0,"footnotes":""},"categories":[1],"tags":[],"class_list":{"0":"post-4872","1":"post","2":"type-post","3":"status-publish","4":"format-standard","5":"has-post-thumbnail","7":"category-nacionales"},"aioseo_notices":[],"_links":{"self":[{"href":"https:\/\/periodicolarepublica.com\/index.php\/wp-json\/wp\/v2\/posts\/4872","targetHints":{"allow":["GET"]}}],"collection":[{"href":"https:\/\/periodicolarepublica.com\/index.php\/wp-json\/wp\/v2\/posts"}],"about":[{"href":"https:\/\/periodicolarepublica.com\/index.php\/wp-json\/wp\/v2\/types\/post"}],"author":[{"embeddable":true,"href":"https:\/\/periodicolarepublica.com\/index.php\/wp-json\/wp\/v2\/users\/6"}],"replies":[{"embeddable":true,"href":"https:\/\/periodicolarepublica.com\/index.php\/wp-json\/wp\/v2\/comments?post=4872"}],"version-history":[{"count":1,"href":"https:\/\/periodicolarepublica.com\/index.php\/wp-json\/wp\/v2\/posts\/4872\/revisions"}],"predecessor-version":[{"id":4873,"href":"https:\/\/periodicolarepublica.com\/index.php\/wp-json\/wp\/v2\/posts\/4872\/revisions\/4873"}],"wp:featuredmedia":[{"embeddable":true,"href":"https:\/\/periodicolarepublica.com\/index.php\/wp-json\/wp\/v2\/media\/2908"}],"wp:attachment":[{"href":"https:\/\/periodicolarepublica.com\/index.php\/wp-json\/wp\/v2\/media?parent=4872"}],"wp:term":[{"taxonomy":"category","embeddable":true,"href":"https:\/\/periodicolarepublica.com\/index.php\/wp-json\/wp\/v2\/categories?post=4872"},{"taxonomy":"post_tag","embeddable":true,"href":"https:\/\/periodicolarepublica.com\/index.php\/wp-json\/wp\/v2\/tags?post=4872"}],"curies":[{"name":"wp","href":"https:\/\/api.w.org\/{rel}","templated":true}]}}