{"id":4874,"date":"2026-01-16T14:51:00","date_gmt":"2026-01-16T18:51:00","guid":{"rendered":"https:\/\/periodicolarepublica.com\/?p=4874"},"modified":"2026-01-16T14:51:00","modified_gmt":"2026-01-16T18:51:00","slug":"la-diaspora-dominicana-expresa-alegria-ante-la-inminente-designacion-de-tomas-hernandez-alberto-en-el-banco-agricola","status":"publish","type":"post","link":"https:\/\/periodicolarepublica.com\/index.php\/2026\/01\/16\/la-diaspora-dominicana-expresa-alegria-ante-la-inminente-designacion-de-tomas-hernandez-alberto-en-el-banco-agricola\/","title":{"rendered":"La di\u00e1spora dominicana expresa alegr\u00eda ante la inminente designaci\u00f3n de Tom\u00e1s Hern\u00e1ndez Alberto en el Banco Agr\u00edcola"},"content":{"rendered":"<p>Nueva York, NY. \u2014 La di\u00e1spora dominicana expres\u00f3 su satisfacci\u00f3n y alegr\u00eda al conocer que en las pr\u00f3ximas horas ser\u00e1 designado El ING.Tom\u00e1s Hern\u00e1ndez Alberto al frente del Banco Agr\u00edcola de la Rep\u00fablica Dominicana, destac\u00e1ndolo como un hombre de Estado y un profesional de larga y reconocida trayectoria en el sector agr\u00edcola dominicano.<\/p>\n<p>&nbsp;<\/p>\n<p>En ese mismo orden, los miembros de la seccional de Nueva York, valoraron positivamente la decisi\u00f3n del presidente Luis Abinader de tomar en cuenta al compa\u00f1ero ING. Tom\u00e1s Hern\u00e1ndez Alberto, reconociendo su capacidad t\u00e9cnica, su experiencia en la administraci\u00f3n p\u00fablica y su compromiso con el desarrollo del campo dominicano.<\/p>\n<p>&nbsp;<\/p>\n<p>&nbsp;<\/p>\n<p>Se\u00f1alaron que esta designaci\u00f3n reafirma la visi\u00f3n del presidente Abinader de fortalecer las instituciones del Estado con profesionales preparados, honestos y con sensibilidad social, lo que contribuye al crecimiento del sector agropecuario y a la seguridad alimentaria del pa\u00eds.<\/p>\n<p>&nbsp;<\/p>\n<p>&nbsp;<\/p>\n<p>Asimismo, destacaron que la trayectoria de Hern\u00e1ndez Alberto garantiza una gesti\u00f3n orientada al apoyo de los peque\u00f1os y medianos productores, as\u00ed como a la modernizaci\u00f3n del cr\u00e9dito agr\u00edcola.<\/p>\n<p>&nbsp;<\/p>\n<p>&nbsp;<\/p>\n<p>Finalmente, la di\u00e1spora dominicana reiter\u00f3 su respaldo a las pol\u00edticas p\u00fablicas que impulsan el desarrollo nacional y el bienestar de las familias rurales, confiando en que esta nueva etapa del Banco Agr\u00edcola ser\u00e1 de grandes avances para la Rep\u00fablica Dominicana.<img loading=\"lazy\" decoding=\"async\" class=\"size-medium wp-image-4852 alignright\" src=\"https:\/\/periodicolarepublica.com\/wp-content\/uploads\/2026\/01\/SaveClip.App_485931371_9288273997877048_4708001635428444518_n-300x200.jpg\" alt=\"\" width=\"300\" height=\"200\" srcset=\"https:\/\/periodicolarepublica.com\/wp-content\/uploads\/2026\/01\/SaveClip.App_485931371_9288273997877048_4708001635428444518_n-300x200.jpg?v=1768305875 300w, https:\/\/periodicolarepublica.com\/wp-content\/uploads\/2026\/01\/SaveClip.App_485931371_9288273997877048_4708001635428444518_n-1024x682.jpg?v=1768305875 1024w, https:\/\/periodicolarepublica.com\/wp-content\/uploads\/2026\/01\/SaveClip.App_485931371_9288273997877048_4708001635428444518_n-768x511.jpg?v=1768305875 768w, https:\/\/periodicolarepublica.com\/wp-content\/uploads\/2026\/01\/SaveClip.App_485931371_9288273997877048_4708001635428444518_n-150x100.jpg?v=1768305875 150w, https:\/\/periodicolarepublica.com\/wp-content\/uploads\/2026\/01\/SaveClip.App_485931371_9288273997877048_4708001635428444518_n-600x399.jpg?v=1768305875 600w, https:\/\/periodicolarepublica.com\/wp-content\/uploads\/2026\/01\/SaveClip.App_485931371_9288273997877048_4708001635428444518_n-696x463.jpg?v=1768305875 696w, https:\/\/periodicolarepublica.com\/wp-content\/uploads\/2026\/01\/SaveClip.App_485931371_9288273997877048_4708001635428444518_n-1068x711.jpg?v=1768305875 1068w, https:\/\/periodicolarepublica.com\/wp-content\/uploads\/2026\/01\/SaveClip.App_485931371_9288273997877048_4708001635428444518_n.jpg?v=1768305875 1080w\" sizes=\"auto, (max-width: 300px) 100vw, 300px\" \/><\/p>\n","protected":false},"excerpt":{"rendered":"<p>Nueva York, NY. \u2014 La di\u00e1spora dominicana expres\u00f3 su satisfacci\u00f3n y alegr\u00eda al conocer que en las pr\u00f3ximas horas ser\u00e1 designado El ING.Tom\u00e1s Hern\u00e1ndez Alberto al frente del Banco Agr\u00edcola de la Rep\u00fablica Dominicana, destac\u00e1ndolo como un hombre de Estado y un profesional de larga y reconocida trayectoria en el sector agr\u00edcola dominicano. &nbsp; En [&hellip;]<\/p>\n","protected":false},"author":10,"featured_media":4852,"comment_status":"open","ping_status":"open","sticky":false,"template":"","format":"standard","meta":{"om_disable_all_campaigns":false,"_monsterinsights_skip_tracking":false,"_monsterinsights_sitenote_active":false,"_monsterinsights_sitenote_note":"","_monsterinsights_sitenote_category":0,"footnotes":""},"categories":[1],"tags":[],"class_list":{"0":"post-4874","1":"post","2":"type-post","3":"status-publish","4":"format-standard","5":"has-post-thumbnail","7":"category-nacionales"},"aioseo_notices":[],"_links":{"self":[{"href":"https:\/\/periodicolarepublica.com\/index.php\/wp-json\/wp\/v2\/posts\/4874","targetHints":{"allow":["GET"]}}],"collection":[{"href":"https:\/\/periodicolarepublica.com\/index.php\/wp-json\/wp\/v2\/posts"}],"about":[{"href":"https:\/\/periodicolarepublica.com\/index.php\/wp-json\/wp\/v2\/types\/post"}],"author":[{"embeddable":true,"href":"https:\/\/periodicolarepublica.com\/index.php\/wp-json\/wp\/v2\/users\/10"}],"replies":[{"embeddable":true,"href":"https:\/\/periodicolarepublica.com\/index.php\/wp-json\/wp\/v2\/comments?post=4874"}],"version-history":[{"count":1,"href":"https:\/\/periodicolarepublica.com\/index.php\/wp-json\/wp\/v2\/posts\/4874\/revisions"}],"predecessor-version":[{"id":4875,"href":"https:\/\/periodicolarepublica.com\/index.php\/wp-json\/wp\/v2\/posts\/4874\/revisions\/4875"}],"wp:featuredmedia":[{"embeddable":true,"href":"https:\/\/periodicolarepublica.com\/index.php\/wp-json\/wp\/v2\/media\/4852"}],"wp:attachment":[{"href":"https:\/\/periodicolarepublica.com\/index.php\/wp-json\/wp\/v2\/media?parent=4874"}],"wp:term":[{"taxonomy":"category","embeddable":true,"href":"https:\/\/periodicolarepublica.com\/index.php\/wp-json\/wp\/v2\/categories?post=4874"},{"taxonomy":"post_tag","embeddable":true,"href":"https:\/\/periodicolarepublica.com\/index.php\/wp-json\/wp\/v2\/tags?post=4874"}],"curies":[{"name":"wp","href":"https:\/\/api.w.org\/{rel}","templated":true}]}}