{"id":4876,"date":"2026-01-16T16:35:54","date_gmt":"2026-01-16T20:35:54","guid":{"rendered":"https:\/\/periodicolarepublica.com\/?p=4876"},"modified":"2026-01-16T16:35:54","modified_gmt":"2026-01-16T20:35:54","slug":"familia-fuller-logra-acuerdo-definitivo-para-reorganizacion-societaria-y-distribucion-de-bienes","status":"publish","type":"post","link":"https:\/\/periodicolarepublica.com\/index.php\/2026\/01\/16\/familia-fuller-logra-acuerdo-definitivo-para-reorganizacion-societaria-y-distribucion-de-bienes\/","title":{"rendered":"Familia Fuller logra acuerdo definitivo para reorganizaci\u00f3n societaria y distribuci\u00f3n de bienes\u00a0"},"content":{"rendered":"<p>La Romana, RD.\u2013 Luego de m\u00e1s de dos a\u00f1os de disputas en los tribunales del pa\u00eds, los sucesores de la familia Fuller alcanzaron un acuerdo definitivo para la repartici\u00f3n igualitaria del Cl\u00faster Tur\u00edstico Dominicus Americanus, ubicado en Bayah\u00edbe, provincia La Romana.<\/p>\n<p>&nbsp;<\/p>\n<p>De acuerdo con un parte de prensa difundido por el consejo de defensa de los herederos del fallecido Merle Wayne Fuller, liderado por el abogado \u00c1ngel Rafael Santana Tejada, sus representados arribaron a un acuerdo amigable con la se\u00f1ora Mar\u00eda Elvira Ram\u00edrez Concepci\u00f3n, viuda de Fuller.<\/p>\n<p>&nbsp;<\/p>\n<p>&nbsp;<\/p>\n<p>Destacan que, tras m\u00e1s de dos a\u00f1os de litigio, tanto Santana Tejada como su colega Miguel Valerio \u2014quien representaba a la viuda\u2014 pasar\u00e1n a fungir como asesores legales de la familia, una vez se materialice la acordada repartici\u00f3n igualitaria de los bienes en cuesti\u00f3n.<\/p>\n<p>&nbsp;<\/p>\n<p>Asimismo, aseguran que con la firma del citado acuerdo transaccional concluyen de manera amistosa todos los procesos judiciales y administrativos relacionados con el caso.<\/p>\n<p>&nbsp;<\/p>\n<p>&nbsp;<\/p>\n<p>\u00bfQu\u00e9 contempla el acuerdo?<\/p>\n<p>Entre los puntos acordados figura la reorganizaci\u00f3n de las sociedades bajo un esquema de participaci\u00f3n del 50 % \/ 50 % entre las entidades designadas por cada grupo familiar.<\/p>\n<p>Tambi\u00e9n se establece la distribuci\u00f3n f\u00edsica y jur\u00eddica de los terrenos conforme a un plano consensuado, as\u00ed como la designaci\u00f3n equilibrada de gerentes en las principales sociedades.<\/p>\n<p>&nbsp;<\/p>\n<p>El acuerdo incluye, adem\u00e1s, el desistimiento total, rec\u00edproco y definitivo de todas las acciones judiciales en curso, as\u00ed como la homologaci\u00f3n del mismo para conferirle autoridad de cosa irrevocablemente juzgada.<\/p>\n<p>&nbsp;<\/p>\n<p>&nbsp;<\/p>\n<p>Las partes manifestaron que este acuerdo representa un paso trascendental para cerrar un cap\u00edtulo de m\u00e1s de una d\u00e9cada de diferencias, al tiempo que permite concentrar esfuerzos en el desarrollo ordenado, transparente y sostenible del proyecto tur\u00edstico en la zona de Dominicus Bayah\u00edbe, una de las \u00e1reas de mayor potencial tur\u00edstico e inmobiliario del pa\u00eds.<\/p>\n<p>&nbsp;<\/p>\n<p>&nbsp;<\/p>\n<p>&nbsp;<\/p>\n<p>Los abogados de ambas partes resaltaron que el acuerdo fue alcanzado tras un amplio proceso de negociaci\u00f3n, respetando los derechos sucesorales, societarios y contractuales, con el objetivo de garantizar una soluci\u00f3n integral que proteja tanto a las familias como a las empresas involucradas.<\/p>\n<p>&nbsp;<\/p>\n<p>&nbsp;<\/p>\n<p>\u201cEste acuerdo no solo pone fin a m\u00faltiples litigios, sino que restablece la armon\u00eda jur\u00eddica, empresarial y familiar necesaria para el desarrollo del proyecto\u201d, expresaron los representantes legales.<\/p>\n<p>&nbsp;<\/p>\n<p>&nbsp;<\/p>\n<p>Con la firma del acuerdo, las partes reiteraron su compromiso de cumplir \u00edntegramente lo pactado, mantener la estabilidad societaria y contribuir al fortalecimiento del clima de inversi\u00f3n en la Rep\u00fablica Dominicana.<img loading=\"lazy\" decoding=\"async\" class=\"alignnone size-medium wp-image-4877\" src=\"https:\/\/periodicolarepublica.com\/wp-content\/uploads\/2026\/01\/IMG-20260116-WA0688-300x158.jpg\" alt=\"\" width=\"300\" height=\"158\" srcset=\"https:\/\/periodicolarepublica.com\/wp-content\/uploads\/2026\/01\/IMG-20260116-WA0688-300x158.jpg?v=1768595745 300w, https:\/\/periodicolarepublica.com\/wp-content\/uploads\/2026\/01\/IMG-20260116-WA0688-768x403.jpg?v=1768595745 768w, https:\/\/periodicolarepublica.com\/wp-content\/uploads\/2026\/01\/IMG-20260116-WA0688-150x79.jpg?v=1768595745 150w, https:\/\/periodicolarepublica.com\/wp-content\/uploads\/2026\/01\/IMG-20260116-WA0688-600x315.jpg?v=1768595745 600w, https:\/\/periodicolarepublica.com\/wp-content\/uploads\/2026\/01\/IMG-20260116-WA0688-696x365.jpg?v=1768595745 696w, https:\/\/periodicolarepublica.com\/wp-content\/uploads\/2026\/01\/IMG-20260116-WA0688.jpg?v=1768595745 800w\" sizes=\"auto, (max-width: 300px) 100vw, 300px\" \/><\/p>\n","protected":false},"excerpt":{"rendered":"<p>La Romana, RD.\u2013 Luego de m\u00e1s de dos a\u00f1os de disputas en los tribunales del pa\u00eds, los sucesores de la familia Fuller alcanzaron un acuerdo definitivo para la repartici\u00f3n igualitaria del Cl\u00faster Tur\u00edstico Dominicus Americanus, ubicado en Bayah\u00edbe, provincia La Romana. &nbsp; De acuerdo con un parte de prensa difundido por el consejo de defensa [&hellip;]<\/p>\n","protected":false},"author":10,"featured_media":4877,"comment_status":"open","ping_status":"open","sticky":false,"template":"","format":"standard","meta":{"om_disable_all_campaigns":false,"_monsterinsights_skip_tracking":false,"_monsterinsights_sitenote_active":false,"_monsterinsights_sitenote_note":"","_monsterinsights_sitenote_category":0,"footnotes":""},"categories":[1],"tags":[],"class_list":{"0":"post-4876","1":"post","2":"type-post","3":"status-publish","4":"format-standard","5":"has-post-thumbnail","7":"category-nacionales"},"aioseo_notices":[],"_links":{"self":[{"href":"https:\/\/periodicolarepublica.com\/index.php\/wp-json\/wp\/v2\/posts\/4876","targetHints":{"allow":["GET"]}}],"collection":[{"href":"https:\/\/periodicolarepublica.com\/index.php\/wp-json\/wp\/v2\/posts"}],"about":[{"href":"https:\/\/periodicolarepublica.com\/index.php\/wp-json\/wp\/v2\/types\/post"}],"author":[{"embeddable":true,"href":"https:\/\/periodicolarepublica.com\/index.php\/wp-json\/wp\/v2\/users\/10"}],"replies":[{"embeddable":true,"href":"https:\/\/periodicolarepublica.com\/index.php\/wp-json\/wp\/v2\/comments?post=4876"}],"version-history":[{"count":1,"href":"https:\/\/periodicolarepublica.com\/index.php\/wp-json\/wp\/v2\/posts\/4876\/revisions"}],"predecessor-version":[{"id":4878,"href":"https:\/\/periodicolarepublica.com\/index.php\/wp-json\/wp\/v2\/posts\/4876\/revisions\/4878"}],"wp:featuredmedia":[{"embeddable":true,"href":"https:\/\/periodicolarepublica.com\/index.php\/wp-json\/wp\/v2\/media\/4877"}],"wp:attachment":[{"href":"https:\/\/periodicolarepublica.com\/index.php\/wp-json\/wp\/v2\/media?parent=4876"}],"wp:term":[{"taxonomy":"category","embeddable":true,"href":"https:\/\/periodicolarepublica.com\/index.php\/wp-json\/wp\/v2\/categories?post=4876"},{"taxonomy":"post_tag","embeddable":true,"href":"https:\/\/periodicolarepublica.com\/index.php\/wp-json\/wp\/v2\/tags?post=4876"}],"curies":[{"name":"wp","href":"https:\/\/api.w.org\/{rel}","templated":true}]}}