{"id":4879,"date":"2026-01-17T09:41:05","date_gmt":"2026-01-17T13:41:05","guid":{"rendered":"https:\/\/periodicolarepublica.com\/?p=4879"},"modified":"2026-01-17T09:41:05","modified_gmt":"2026-01-17T13:41:05","slug":"dr-landron-supervisa-hospitales-de-maimon-cevicos-y-cotui-para-fortalecer-atencion-de-salud-mas-humana-y-digna","status":"publish","type":"post","link":"https:\/\/periodicolarepublica.com\/index.php\/2026\/01\/17\/dr-landron-supervisa-hospitales-de-maimon-cevicos-y-cotui-para-fortalecer-atencion-de-salud-mas-humana-y-digna\/","title":{"rendered":"Dr. Landr\u00f3n supervisa hospitales de Maim\u00f3n, Cevicos y Cotu\u00ed para fortalecer atenci\u00f3n de salud m\u00e1s humana y digna"},"content":{"rendered":"<p>Con el compromiso de garantizar servicios de salud oportunos, dignos y cercanos a la gente, el director del Servicio Nacional de Salud (SNS), doctor Julio Landr\u00f3n, realiz\u00f3 este viernes un recorrido de supervisi\u00f3n por los hospitales municipales de Maim\u00f3n y Cevicos, adem\u00e1s, el Hospital Provincial Inmaculada Concepci\u00f3n, en Cotu\u00ed.<\/p>\n<p>&nbsp;<\/p>\n<p>Durante la jornada, el titular del SNS evalu\u00f3 el estado de las infraestructuras, la entrega de equipos m\u00e9dicos y el avance de los trabajos de remozamiento, como parte de las acciones orientadas a mejorar la calidad de la atenci\u00f3n que reciben los usuarios en estos centros de salud.<\/p>\n<p>El recorrido inici\u00f3 en el Hospital Municipal de Maim\u00f3n, donde el doctor Landr\u00f3n verific\u00f3 los avances de los trabajos que se ejecutan e hizo un llamado a garantizar obras bien terminadas, que respondan a las necesidades de la comunidad.<\/p>\n<figure id=\"attachment_4478\" aria-describedby=\"caption-attachment-4478\" style=\"width: 300px\" class=\"wp-caption alignnone\"><img loading=\"lazy\" decoding=\"async\" class=\"size-medium wp-image-4478\" src=\"https:\/\/periodicolarepublica.com\/wp-content\/uploads\/2025\/11\/images-36-300x300.jpeg\" alt=\"\" width=\"300\" height=\"300\" srcset=\"https:\/\/periodicolarepublica.com\/wp-content\/uploads\/2025\/11\/images-36-300x300.jpeg 300w, https:\/\/periodicolarepublica.com\/wp-content\/uploads\/2025\/11\/images-36-150x150.jpeg 150w, https:\/\/periodicolarepublica.com\/wp-content\/uploads\/2025\/11\/images-36.jpeg 447w\" sizes=\"auto, (max-width: 300px) 100vw, 300px\" \/><figcaption id=\"caption-attachment-4478\" class=\"wp-caption-text\">SNS<\/figcaption><\/figure>\n","protected":false},"excerpt":{"rendered":"<p>Con el compromiso de garantizar servicios de salud oportunos, dignos y cercanos a la gente, el director del Servicio Nacional de Salud (SNS), doctor Julio Landr\u00f3n, realiz\u00f3 este viernes un recorrido de supervisi\u00f3n por los hospitales municipales de Maim\u00f3n y Cevicos, adem\u00e1s, el Hospital Provincial Inmaculada Concepci\u00f3n, en Cotu\u00ed. &nbsp; Durante la jornada, el titular [&hellip;]<\/p>\n","protected":false},"author":6,"featured_media":4478,"comment_status":"open","ping_status":"open","sticky":false,"template":"","format":"standard","meta":{"om_disable_all_campaigns":false,"_monsterinsights_skip_tracking":false,"_monsterinsights_sitenote_active":false,"_monsterinsights_sitenote_note":"","_monsterinsights_sitenote_category":0,"footnotes":""},"categories":[1],"tags":[],"class_list":{"0":"post-4879","1":"post","2":"type-post","3":"status-publish","4":"format-standard","5":"has-post-thumbnail","7":"category-nacionales"},"aioseo_notices":[],"_links":{"self":[{"href":"https:\/\/periodicolarepublica.com\/index.php\/wp-json\/wp\/v2\/posts\/4879","targetHints":{"allow":["GET"]}}],"collection":[{"href":"https:\/\/periodicolarepublica.com\/index.php\/wp-json\/wp\/v2\/posts"}],"about":[{"href":"https:\/\/periodicolarepublica.com\/index.php\/wp-json\/wp\/v2\/types\/post"}],"author":[{"embeddable":true,"href":"https:\/\/periodicolarepublica.com\/index.php\/wp-json\/wp\/v2\/users\/6"}],"replies":[{"embeddable":true,"href":"https:\/\/periodicolarepublica.com\/index.php\/wp-json\/wp\/v2\/comments?post=4879"}],"version-history":[{"count":1,"href":"https:\/\/periodicolarepublica.com\/index.php\/wp-json\/wp\/v2\/posts\/4879\/revisions"}],"predecessor-version":[{"id":4880,"href":"https:\/\/periodicolarepublica.com\/index.php\/wp-json\/wp\/v2\/posts\/4879\/revisions\/4880"}],"wp:featuredmedia":[{"embeddable":true,"href":"https:\/\/periodicolarepublica.com\/index.php\/wp-json\/wp\/v2\/media\/4478"}],"wp:attachment":[{"href":"https:\/\/periodicolarepublica.com\/index.php\/wp-json\/wp\/v2\/media?parent=4879"}],"wp:term":[{"taxonomy":"category","embeddable":true,"href":"https:\/\/periodicolarepublica.com\/index.php\/wp-json\/wp\/v2\/categories?post=4879"},{"taxonomy":"post_tag","embeddable":true,"href":"https:\/\/periodicolarepublica.com\/index.php\/wp-json\/wp\/v2\/tags?post=4879"}],"curies":[{"name":"wp","href":"https:\/\/api.w.org\/{rel}","templated":true}]}}