{"id":4881,"date":"2026-01-17T09:43:46","date_gmt":"2026-01-17T13:43:46","guid":{"rendered":"https:\/\/periodicolarepublica.com\/?p=4881"},"modified":"2026-01-17T09:43:46","modified_gmt":"2026-01-17T13:43:46","slug":"np-procompetencia-destaca-rol-clave-de-la-competencia-ante-riesgos-economicos-globales","status":"publish","type":"post","link":"https:\/\/periodicolarepublica.com\/index.php\/2026\/01\/17\/np-procompetencia-destaca-rol-clave-de-la-competencia-ante-riesgos-economicos-globales\/","title":{"rendered":"NP ProCompetencia destaca rol clave de la competencia ante riesgos econ\u00f3micos globales"},"content":{"rendered":"<p>&nbsp;<\/p>\n<p>En el marco del 18vo. aniversario de la Ley n\u00fam. 42-08 sobre Defensa de la Competencia, la Comisi\u00f3n Nacional de Defensa de la Competencia (ProCompetencia) subray\u00f3 la importancia de la pol\u00edtica de competencia como factor determinante para el bienestar social y la estabilidad econ\u00f3mica, en un contexto internacional marcado por crecientes tensiones geoecon\u00f3micas.<\/p>\n<p>Durante la misa de acci\u00f3n de gracias celebrada con motivo de esta conmemoraci\u00f3n, la presidenta del Consejo Directivo de ProCompetencia, Mar\u00eda Elena V\u00e1squez Taveras, hizo referencia al m\u00e1s reciente Global Risks Report 2026 del Foro Econ\u00f3mico Mundial, el cual advierte que la confrontaci\u00f3n geoecon\u00f3mica, la concentraci\u00f3n de poder econ\u00f3mico y la erosi\u00f3n de la confianza en las instituciones figuran entre los principales riesgos que enfrenta el mundo en el corto y mediano plazo.<\/p>\n<p>Los pa\u00edses que cuentan con reglas claras, mercados competitivos e instituciones s\u00f3lidas est\u00e1n en mejores condiciones de preservar la estabilidad econ\u00f3mica, fortalecer la cohesi\u00f3n social y responder a los choques externos. En ese sentido, V\u00e1squez Taveras destac\u00f3 que la pol\u00edtica de competencia debe ser entendida como una pol\u00edtica p\u00fablica transversal, estrechamente vinculada al desarrollo, la eficiencia del gasto p\u00fablico y la confianza ciudadana.<\/p>\n<figure id=\"attachment_2987\" aria-describedby=\"caption-attachment-2987\" style=\"width: 300px\" class=\"wp-caption alignnone\"><img loading=\"lazy\" decoding=\"async\" class=\"size-medium wp-image-2987\" src=\"https:\/\/periodicolarepublica.com\/wp-content\/uploads\/2025\/04\/Maria-Elena-Vasquez-Taveras-1-300x200.jpg\" alt=\"\" width=\"300\" height=\"200\" srcset=\"https:\/\/periodicolarepublica.com\/wp-content\/uploads\/2025\/04\/Maria-Elena-Vasquez-Taveras-1-300x200.jpg 300w, https:\/\/periodicolarepublica.com\/wp-content\/uploads\/2025\/04\/Maria-Elena-Vasquez-Taveras-1-1024x683.jpg 1024w, https:\/\/periodicolarepublica.com\/wp-content\/uploads\/2025\/04\/Maria-Elena-Vasquez-Taveras-1-768x512.jpg 768w, https:\/\/periodicolarepublica.com\/wp-content\/uploads\/2025\/04\/Maria-Elena-Vasquez-Taveras-1-1536x1024.jpg 1536w, https:\/\/periodicolarepublica.com\/wp-content\/uploads\/2025\/04\/Maria-Elena-Vasquez-Taveras-1-2048x1365.jpg 2048w, https:\/\/periodicolarepublica.com\/wp-content\/uploads\/2025\/04\/Maria-Elena-Vasquez-Taveras-1-150x100.jpg 150w, https:\/\/periodicolarepublica.com\/wp-content\/uploads\/2025\/04\/Maria-Elena-Vasquez-Taveras-1-600x400.jpg 600w, https:\/\/periodicolarepublica.com\/wp-content\/uploads\/2025\/04\/Maria-Elena-Vasquez-Taveras-1-696x464.jpg 696w, https:\/\/periodicolarepublica.com\/wp-content\/uploads\/2025\/04\/Maria-Elena-Vasquez-Taveras-1-1392x928.jpg 1392w, https:\/\/periodicolarepublica.com\/wp-content\/uploads\/2025\/04\/Maria-Elena-Vasquez-Taveras-1-1068x712.jpg 1068w, https:\/\/periodicolarepublica.com\/wp-content\/uploads\/2025\/04\/Maria-Elena-Vasquez-Taveras-1-1920x1280.jpg 1920w\" sizes=\"auto, (max-width: 300px) 100vw, 300px\" \/><figcaption id=\"caption-attachment-2987\" class=\"wp-caption-text\">Mar\u00eda Elena V\u00e1squez Directora Procompetencia<\/figcaption><\/figure>\n","protected":false},"excerpt":{"rendered":"<p>&nbsp; En el marco del 18vo. aniversario de la Ley n\u00fam. 42-08 sobre Defensa de la Competencia, la Comisi\u00f3n Nacional de Defensa de la Competencia (ProCompetencia) subray\u00f3 la importancia de la pol\u00edtica de competencia como factor determinante para el bienestar social y la estabilidad econ\u00f3mica, en un contexto internacional marcado por crecientes tensiones geoecon\u00f3micas. Durante [&hellip;]<\/p>\n","protected":false},"author":6,"featured_media":2987,"comment_status":"open","ping_status":"open","sticky":false,"template":"","format":"standard","meta":{"om_disable_all_campaigns":false,"_monsterinsights_skip_tracking":false,"_monsterinsights_sitenote_active":false,"_monsterinsights_sitenote_note":"","_monsterinsights_sitenote_category":0,"footnotes":""},"categories":[1],"tags":[],"class_list":{"0":"post-4881","1":"post","2":"type-post","3":"status-publish","4":"format-standard","5":"has-post-thumbnail","7":"category-nacionales"},"aioseo_notices":[],"_links":{"self":[{"href":"https:\/\/periodicolarepublica.com\/index.php\/wp-json\/wp\/v2\/posts\/4881","targetHints":{"allow":["GET"]}}],"collection":[{"href":"https:\/\/periodicolarepublica.com\/index.php\/wp-json\/wp\/v2\/posts"}],"about":[{"href":"https:\/\/periodicolarepublica.com\/index.php\/wp-json\/wp\/v2\/types\/post"}],"author":[{"embeddable":true,"href":"https:\/\/periodicolarepublica.com\/index.php\/wp-json\/wp\/v2\/users\/6"}],"replies":[{"embeddable":true,"href":"https:\/\/periodicolarepublica.com\/index.php\/wp-json\/wp\/v2\/comments?post=4881"}],"version-history":[{"count":1,"href":"https:\/\/periodicolarepublica.com\/index.php\/wp-json\/wp\/v2\/posts\/4881\/revisions"}],"predecessor-version":[{"id":4882,"href":"https:\/\/periodicolarepublica.com\/index.php\/wp-json\/wp\/v2\/posts\/4881\/revisions\/4882"}],"wp:featuredmedia":[{"embeddable":true,"href":"https:\/\/periodicolarepublica.com\/index.php\/wp-json\/wp\/v2\/media\/2987"}],"wp:attachment":[{"href":"https:\/\/periodicolarepublica.com\/index.php\/wp-json\/wp\/v2\/media?parent=4881"}],"wp:term":[{"taxonomy":"category","embeddable":true,"href":"https:\/\/periodicolarepublica.com\/index.php\/wp-json\/wp\/v2\/categories?post=4881"},{"taxonomy":"post_tag","embeddable":true,"href":"https:\/\/periodicolarepublica.com\/index.php\/wp-json\/wp\/v2\/tags?post=4881"}],"curies":[{"name":"wp","href":"https:\/\/api.w.org\/{rel}","templated":true}]}}