{"id":4883,"date":"2026-01-17T12:26:48","date_gmt":"2026-01-17T16:26:48","guid":{"rendered":"https:\/\/periodicolarepublica.com\/?p=4883"},"modified":"2026-01-17T12:26:48","modified_gmt":"2026-01-17T16:26:48","slug":"el-sntp-de-santo-domingo-este-celebra-almuerzo-de-confraternidad-dario-manon-llama-a-la-unidad-por-equidad-presupuestaria","status":"publish","type":"post","link":"https:\/\/periodicolarepublica.com\/index.php\/2026\/01\/17\/el-sntp-de-santo-domingo-este-celebra-almuerzo-de-confraternidad-dario-manon-llama-a-la-unidad-por-equidad-presupuestaria\/","title":{"rendered":"El SNTP de Santo Domingo Este celebra Almuerzo de Confraternidad; Dar\u00edo Ma\u00f1\u00f3n llama a la unidad por equidad presupuestaria"},"content":{"rendered":"<p>SANTO DOMINGO ESTE. \u2013 En un ambiente de franca camarader\u00eda, la filial de Santo Domingo Este del Sindicato Nacional de Trabajadores de la Prensa (SNTP) celebr\u00f3 su tradicional almuerzo de confraternidad, un encuentro que sirvi\u00f3 para estrechar lazos y definir metas claras para el gremio en el presente a\u00f1o.<\/p>\n<p>&nbsp;<\/p>\n<p>La actividad estuvo encabezada por el secretario general de la seccional, Dar\u00edo Ma\u00f1\u00f3n, quien estuvo acompa\u00f1ado por la encargada de Relaciones P\u00fablicas de la Direcci\u00f3n General de Embellecimiento, periodista Santa Marte, (en representaci\u00f3n del director general), as\u00ed como por los secretarios generales del SNTP Nacional, del Distrito Nacional, de los Reporteros Gr\u00e1ficos, del C\u00edrculo de Periodistas de la Salud (CIPESA) y el ex secretario general de la Organizaci\u00f3n sindical, Jos\u00e9 Beato.<\/p>\n<p>&nbsp;<\/p>\n<p>Un llamado a la acci\u00f3n por la equidad<\/p>\n<p>&nbsp;<\/p>\n<p>Durante su discurso central, Ma\u00f1\u00f3n hizo una exhortaci\u00f3n en\u00e9rgica a todos los trabajadores de la prensa para mantenerse unificados en torno a una meta com\u00fan: la solicitud formal ante el Consejo de Regidores del Ayuntamiento de Santo Domingo Este para una distribuci\u00f3n justa del presupuesto de publicidad.<\/p>\n<p>&nbsp;<\/p>\n<p>\u00abEs el momento de unirnos y apoyar este proyecto. Vamos a solicitar que se asigne un presupuesto mayor y una distribuci\u00f3n equitativa de la publicidad oficial para los trabajadores de la prensa. Solo la unidad nos permitir\u00e1 lograr que la ejecuci\u00f3n de estos fondos sea una realidad para nuestro sector\u00bb, enfatiz\u00f3 Ma\u00f1\u00f3n.<\/p>\n<p>&nbsp;<\/p>\n<p>Este llamado responde a la necesidad de que el presupuesto municipal se ejecute de manera transparente y que reconozca la labor de los comunicadores locales, quienes a menudo enfrentan complejidades econ\u00f3micas y dificultades en el acceso a recursos institucionales.<\/p>\n<p>&nbsp;<\/p>\n<p>En acto efectuado en el sal\u00f3n de actos de la Direcci\u00f3n General de Embellecimiento tambi\u00e9n se dirigi\u00f3 a los presentes el secretario nacional del SNTP, Manuel Ure\u00f1a, qui\u00e9n di\u00f3 detalles de los proyectos a ejecutar por la entidad.<\/p>\n<p>&nbsp;<\/p>\n<p>Convivencia y sorteos<\/p>\n<p>&nbsp;<\/p>\n<p>Tras el mensaje gremial, los representantes de los diversos medios de comunicaci\u00f3n compartieron un almuerzo que culmin\u00f3 con una rifa de electrodom\u00e9sticos. Los premios fueron distribuidos entre todos los presentes, sellando una jornada marcada por el entusiasmo y el compromiso de fortalecer la institucionalidad del sindicato.<\/p>\n<p>&nbsp;<\/p>\n<p>Con esta actividad, el SNTP Santo Domingo Este reafirma su rol de liderazgo y su determinaci\u00f3n de luchar por mejores condiciones para sus miembros.<img loading=\"lazy\" decoding=\"async\" class=\"size-medium wp-image-4884 alignright\" src=\"https:\/\/periodicolarepublica.com\/wp-content\/uploads\/2026\/01\/IMG-20260117-WA0103-300x225.jpg\" alt=\"\" width=\"300\" height=\"225\" srcset=\"https:\/\/periodicolarepublica.com\/wp-content\/uploads\/2026\/01\/IMG-20260117-WA0103-300x225.jpg?v=1768667199 300w, https:\/\/periodicolarepublica.com\/wp-content\/uploads\/2026\/01\/IMG-20260117-WA0103-1024x768.jpg?v=1768667199 1024w, https:\/\/periodicolarepublica.com\/wp-content\/uploads\/2026\/01\/IMG-20260117-WA0103-768x576.jpg?v=1768667199 768w, https:\/\/periodicolarepublica.com\/wp-content\/uploads\/2026\/01\/IMG-20260117-WA0103-1536x1152.jpg?v=1768667199 1536w, https:\/\/periodicolarepublica.com\/wp-content\/uploads\/2026\/01\/IMG-20260117-WA0103-150x113.jpg?v=1768667199 150w, https:\/\/periodicolarepublica.com\/wp-content\/uploads\/2026\/01\/IMG-20260117-WA0103-600x450.jpg?v=1768667199 600w, https:\/\/periodicolarepublica.com\/wp-content\/uploads\/2026\/01\/IMG-20260117-WA0103-696x522.jpg?v=1768667199 696w, https:\/\/periodicolarepublica.com\/wp-content\/uploads\/2026\/01\/IMG-20260117-WA0103-1392x1044.jpg?v=1768667199 1392w, https:\/\/periodicolarepublica.com\/wp-content\/uploads\/2026\/01\/IMG-20260117-WA0103-1068x801.jpg?v=1768667199 1068w, https:\/\/periodicolarepublica.com\/wp-content\/uploads\/2026\/01\/IMG-20260117-WA0103-265x198.jpg?v=1768667199 265w, https:\/\/periodicolarepublica.com\/wp-content\/uploads\/2026\/01\/IMG-20260117-WA0103-530x396.jpg?v=1768667199 530w, https:\/\/periodicolarepublica.com\/wp-content\/uploads\/2026\/01\/IMG-20260117-WA0103.jpg?v=1768667199 1600w\" sizes=\"auto, (max-width: 300px) 100vw, 300px\" \/><\/p>\n","protected":false},"excerpt":{"rendered":"<p>SANTO DOMINGO ESTE. \u2013 En un ambiente de franca camarader\u00eda, la filial de Santo Domingo Este del Sindicato Nacional de Trabajadores de la Prensa (SNTP) celebr\u00f3 su tradicional almuerzo de confraternidad, un encuentro que sirvi\u00f3 para estrechar lazos y definir metas claras para el gremio en el presente a\u00f1o. &nbsp; La actividad estuvo encabezada por [&hellip;]<\/p>\n","protected":false},"author":10,"featured_media":4884,"comment_status":"open","ping_status":"open","sticky":false,"template":"","format":"standard","meta":{"om_disable_all_campaigns":false,"_monsterinsights_skip_tracking":false,"_monsterinsights_sitenote_active":false,"_monsterinsights_sitenote_note":"","_monsterinsights_sitenote_category":0,"footnotes":""},"categories":[1],"tags":[],"class_list":{"0":"post-4883","1":"post","2":"type-post","3":"status-publish","4":"format-standard","5":"has-post-thumbnail","7":"category-nacionales"},"aioseo_notices":[],"_links":{"self":[{"href":"https:\/\/periodicolarepublica.com\/index.php\/wp-json\/wp\/v2\/posts\/4883","targetHints":{"allow":["GET"]}}],"collection":[{"href":"https:\/\/periodicolarepublica.com\/index.php\/wp-json\/wp\/v2\/posts"}],"about":[{"href":"https:\/\/periodicolarepublica.com\/index.php\/wp-json\/wp\/v2\/types\/post"}],"author":[{"embeddable":true,"href":"https:\/\/periodicolarepublica.com\/index.php\/wp-json\/wp\/v2\/users\/10"}],"replies":[{"embeddable":true,"href":"https:\/\/periodicolarepublica.com\/index.php\/wp-json\/wp\/v2\/comments?post=4883"}],"version-history":[{"count":1,"href":"https:\/\/periodicolarepublica.com\/index.php\/wp-json\/wp\/v2\/posts\/4883\/revisions"}],"predecessor-version":[{"id":4885,"href":"https:\/\/periodicolarepublica.com\/index.php\/wp-json\/wp\/v2\/posts\/4883\/revisions\/4885"}],"wp:featuredmedia":[{"embeddable":true,"href":"https:\/\/periodicolarepublica.com\/index.php\/wp-json\/wp\/v2\/media\/4884"}],"wp:attachment":[{"href":"https:\/\/periodicolarepublica.com\/index.php\/wp-json\/wp\/v2\/media?parent=4883"}],"wp:term":[{"taxonomy":"category","embeddable":true,"href":"https:\/\/periodicolarepublica.com\/index.php\/wp-json\/wp\/v2\/categories?post=4883"},{"taxonomy":"post_tag","embeddable":true,"href":"https:\/\/periodicolarepublica.com\/index.php\/wp-json\/wp\/v2\/tags?post=4883"}],"curies":[{"name":"wp","href":"https:\/\/api.w.org\/{rel}","templated":true}]}}