{"id":4886,"date":"2026-01-17T12:41:52","date_gmt":"2026-01-17T16:41:52","guid":{"rendered":"https:\/\/periodicolarepublica.com\/?p=4886"},"modified":"2026-01-17T12:41:52","modified_gmt":"2026-01-17T16:41:52","slug":"asociaciones-agropecuarias-ven-con-esperanza-la-posible-designacion-del-ing-tomas-hernandez-alberto-en-el-banco-agricola","status":"publish","type":"post","link":"https:\/\/periodicolarepublica.com\/index.php\/2026\/01\/17\/asociaciones-agropecuarias-ven-con-esperanza-la-posible-designacion-del-ing-tomas-hernandez-alberto-en-el-banco-agricola\/","title":{"rendered":"Asociaciones agropecuarias ven con esperanza la posible designaci\u00f3n del Ing. Tom\u00e1s Hern\u00e1ndez Alberto en el Banco Agr\u00edcola"},"content":{"rendered":"<p>San Juan De La Maguana, R.D. \u2013 Diferentes asociaciones del sector agropecuario del pa\u00eds han manifestado su esperanza y respaldo ante la posible designaci\u00f3n del ingeniero Tom\u00e1s Hern\u00e1ndez Alberto como nuevo administrador del Banco Agr\u00edcola de la Rep\u00fablica Dominicana.<\/p>\n<p>&nbsp;<\/p>\n<p>Representantes de estas organizaciones coincidieron en se\u00f1alar que se tratar\u00eda de una decisi\u00f3n acertada del presidente Luis Abinader, destacando que el ingeniero Hern\u00e1ndez Alberto posee un amplio conocimiento del campo dominicano, as\u00ed como una profunda experiencia en los procesos productivos y las necesidades reales de los agricultores.<\/p>\n<p>&nbsp;<\/p>\n<p>Indicaron que su trayectoria y cercan\u00eda con los productores generan confianza en que, de concretarse su designaci\u00f3n, el Banco Agr\u00edcola fortalecer\u00eda su rol como principal apoyo financiero del sector agropecuario, contribuyendo al desarrollo sostenible, la seguridad alimentaria y el crecimiento econ\u00f3mico del pa\u00eds.<\/p>\n<p>&nbsp;<\/p>\n<p>Las asociaciones reiteraron su disposici\u00f3n de trabajar de la mano con una gesti\u00f3n que priorice al peque\u00f1o y mediano productor, impulse el cr\u00e9dito agr\u00edcola y promueva pol\u00edticas p\u00fablicas en favor del campo dominicano.<img loading=\"lazy\" decoding=\"async\" class=\"alignnone size-medium wp-image-4887\" src=\"https:\/\/periodicolarepublica.com\/wp-content\/uploads\/2026\/01\/IMG_20260117_123935-300x230.jpg\" alt=\"\" width=\"300\" height=\"230\" srcset=\"https:\/\/periodicolarepublica.com\/wp-content\/uploads\/2026\/01\/IMG_20260117_123935-300x230.jpg?v=1768668105 300w, https:\/\/periodicolarepublica.com\/wp-content\/uploads\/2026\/01\/IMG_20260117_123935-1024x786.jpg?v=1768668105 1024w, https:\/\/periodicolarepublica.com\/wp-content\/uploads\/2026\/01\/IMG_20260117_123935-768x589.jpg?v=1768668105 768w, https:\/\/periodicolarepublica.com\/wp-content\/uploads\/2026\/01\/IMG_20260117_123935-150x115.jpg?v=1768668105 150w, https:\/\/periodicolarepublica.com\/wp-content\/uploads\/2026\/01\/IMG_20260117_123935-600x460.jpg?v=1768668105 600w, https:\/\/periodicolarepublica.com\/wp-content\/uploads\/2026\/01\/IMG_20260117_123935-696x534.jpg?v=1768668105 696w, https:\/\/periodicolarepublica.com\/wp-content\/uploads\/2026\/01\/IMG_20260117_123935-1068x820.jpg?v=1768668105 1068w, https:\/\/periodicolarepublica.com\/wp-content\/uploads\/2026\/01\/IMG_20260117_123935.jpg?v=1768668105 1079w\" sizes=\"auto, (max-width: 300px) 100vw, 300px\" \/><\/p>\n","protected":false},"excerpt":{"rendered":"<p>San Juan De La Maguana, R.D. \u2013 Diferentes asociaciones del sector agropecuario del pa\u00eds han manifestado su esperanza y respaldo ante la posible designaci\u00f3n del ingeniero Tom\u00e1s Hern\u00e1ndez Alberto como nuevo administrador del Banco Agr\u00edcola de la Rep\u00fablica Dominicana. &nbsp; Representantes de estas organizaciones coincidieron en se\u00f1alar que se tratar\u00eda de una decisi\u00f3n acertada del [&hellip;]<\/p>\n","protected":false},"author":10,"featured_media":4887,"comment_status":"open","ping_status":"open","sticky":false,"template":"","format":"standard","meta":{"om_disable_all_campaigns":false,"_monsterinsights_skip_tracking":false,"_monsterinsights_sitenote_active":false,"_monsterinsights_sitenote_note":"","_monsterinsights_sitenote_category":0,"footnotes":""},"categories":[1],"tags":[],"class_list":{"0":"post-4886","1":"post","2":"type-post","3":"status-publish","4":"format-standard","5":"has-post-thumbnail","7":"category-nacionales"},"aioseo_notices":[],"_links":{"self":[{"href":"https:\/\/periodicolarepublica.com\/index.php\/wp-json\/wp\/v2\/posts\/4886","targetHints":{"allow":["GET"]}}],"collection":[{"href":"https:\/\/periodicolarepublica.com\/index.php\/wp-json\/wp\/v2\/posts"}],"about":[{"href":"https:\/\/periodicolarepublica.com\/index.php\/wp-json\/wp\/v2\/types\/post"}],"author":[{"embeddable":true,"href":"https:\/\/periodicolarepublica.com\/index.php\/wp-json\/wp\/v2\/users\/10"}],"replies":[{"embeddable":true,"href":"https:\/\/periodicolarepublica.com\/index.php\/wp-json\/wp\/v2\/comments?post=4886"}],"version-history":[{"count":1,"href":"https:\/\/periodicolarepublica.com\/index.php\/wp-json\/wp\/v2\/posts\/4886\/revisions"}],"predecessor-version":[{"id":4888,"href":"https:\/\/periodicolarepublica.com\/index.php\/wp-json\/wp\/v2\/posts\/4886\/revisions\/4888"}],"wp:featuredmedia":[{"embeddable":true,"href":"https:\/\/periodicolarepublica.com\/index.php\/wp-json\/wp\/v2\/media\/4887"}],"wp:attachment":[{"href":"https:\/\/periodicolarepublica.com\/index.php\/wp-json\/wp\/v2\/media?parent=4886"}],"wp:term":[{"taxonomy":"category","embeddable":true,"href":"https:\/\/periodicolarepublica.com\/index.php\/wp-json\/wp\/v2\/categories?post=4886"},{"taxonomy":"post_tag","embeddable":true,"href":"https:\/\/periodicolarepublica.com\/index.php\/wp-json\/wp\/v2\/tags?post=4886"}],"curies":[{"name":"wp","href":"https:\/\/api.w.org\/{rel}","templated":true}]}}