{"id":4889,"date":"2026-01-18T17:10:57","date_gmt":"2026-01-18T21:10:57","guid":{"rendered":"https:\/\/periodicolarepublica.com\/?p=4889"},"modified":"2026-01-18T17:10:57","modified_gmt":"2026-01-18T21:10:57","slug":"la-dirigente-darisy-suero-lleva-alegria-y-esperanza-a-ninos-de-comunidades-vulnerables","status":"publish","type":"post","link":"https:\/\/periodicolarepublica.com\/index.php\/2026\/01\/18\/la-dirigente-darisy-suero-lleva-alegria-y-esperanza-a-ninos-de-comunidades-vulnerables\/","title":{"rendered":"La dirigente Darisy Suero lleva alegr\u00eda y esperanza a ni\u00f1os de comunidades vulnerables"},"content":{"rendered":"<p>Santo Domingo, R.D. \u2013 En un significativo gesto de amor, solidaridad y compromiso social, la dirigente comunitaria Darisy Suero realiz\u00f3 una emotiva visita a ni\u00f1os de una comunidad vulnerable, con el objetivo de llevarles alegr\u00eda, esperanza y un mensaje de cercan\u00eda en momentos de necesidad.<\/p>\n<p>&nbsp;<\/p>\n<p>Durante la jornada, Darisy Suero comparti\u00f3 con los ni\u00f1os en un ambiente cargado de entusiasmo y sonrisas, entreg\u00e1ndoles juguetes, dulces y obsequios, adem\u00e1s de brindarles palabras de aliento y afecto. La actividad se convirti\u00f3 en un espacio de recreaci\u00f3n y felicidad que impact\u00f3 de manera positiva a decenas de familias del sector.<\/p>\n<p>&nbsp;<\/p>\n<p>\u201cLos ni\u00f1os representan el futuro de nuestra sociedad, y es nuestra responsabilidad garantizar que crezcan en un entorno donde se sientan protegidos, valorados y amados\u201d, expres\u00f3 Suero. \u201cCon acciones como esta queremos decirles que no est\u00e1n solos y que hay personas comprometidas con su bienestar\u201d.<\/p>\n<p>&nbsp;<\/p>\n<p>Los ni\u00f1os y sus familiares manifestaron su agradecimiento por la iniciativa, destacando la sensibilidad y cercan\u00eda demostrada por la dirigente, quien aprovech\u00f3 la ocasi\u00f3n para hacer un llamado a la comunidad y a las autoridades a unir esfuerzos en favor de la ni\u00f1ez, promoviendo espacios seguros, educaci\u00f3n en valores y oportunidades de desarrollo.<\/p>\n<p>&nbsp;<\/p>\n<p>\u201cSolo trabajando juntos podremos construir una sociedad m\u00e1s justa, donde nuestros ni\u00f1os crezcan rodeados de amor, respeto y oportunidades\u201d, agreg\u00f3.<\/p>\n<p>&nbsp;<\/p>\n<p>Darisy Suero es reconocida por su constante labor social y su firme compromiso con las causas comunitarias, especialmente aquellas orientadas a la protecci\u00f3n de la ni\u00f1ez y el apoyo a los sectores m\u00e1s vulnerables.<\/p>\n<p>&nbsp;<\/p>\n<p>Esta visita reafirma su vocaci\u00f3n de servicio y su determinaci\u00f3n de seguir aportando al bienestar y la esperanza de quienes m\u00e1s lo necesitan.<img loading=\"lazy\" decoding=\"async\" class=\"size-medium wp-image-4890 alignright\" src=\"https:\/\/periodicolarepublica.com\/wp-content\/uploads\/2026\/01\/IMG_20260118_165209-300x300.jpg\" alt=\"\" width=\"300\" height=\"300\" srcset=\"https:\/\/periodicolarepublica.com\/wp-content\/uploads\/2026\/01\/IMG_20260118_165209-300x300.jpg?v=1768770648 300w, https:\/\/periodicolarepublica.com\/wp-content\/uploads\/2026\/01\/IMG_20260118_165209-1024x1024.jpg?v=1768770648 1024w, https:\/\/periodicolarepublica.com\/wp-content\/uploads\/2026\/01\/IMG_20260118_165209-150x150.jpg?v=1768770648 150w, https:\/\/periodicolarepublica.com\/wp-content\/uploads\/2026\/01\/IMG_20260118_165209-768x768.jpg?v=1768770648 768w, https:\/\/periodicolarepublica.com\/wp-content\/uploads\/2026\/01\/IMG_20260118_165209-600x600.jpg?v=1768770648 600w, https:\/\/periodicolarepublica.com\/wp-content\/uploads\/2026\/01\/IMG_20260118_165209-696x696.jpg?v=1768770648 696w, https:\/\/periodicolarepublica.com\/wp-content\/uploads\/2026\/01\/IMG_20260118_165209-1068x1068.jpg?v=1768770648 1068w, https:\/\/periodicolarepublica.com\/wp-content\/uploads\/2026\/01\/IMG_20260118_165209.jpg?v=1768770648 1142w\" sizes=\"auto, (max-width: 300px) 100vw, 300px\" \/><\/p>\n","protected":false},"excerpt":{"rendered":"<p>Santo Domingo, R.D. \u2013 En un significativo gesto de amor, solidaridad y compromiso social, la dirigente comunitaria Darisy Suero realiz\u00f3 una emotiva visita a ni\u00f1os de una comunidad vulnerable, con el objetivo de llevarles alegr\u00eda, esperanza y un mensaje de cercan\u00eda en momentos de necesidad. &nbsp; Durante la jornada, Darisy Suero comparti\u00f3 con los ni\u00f1os [&hellip;]<\/p>\n","protected":false},"author":10,"featured_media":4890,"comment_status":"open","ping_status":"open","sticky":false,"template":"","format":"standard","meta":{"om_disable_all_campaigns":false,"_monsterinsights_skip_tracking":false,"_monsterinsights_sitenote_active":false,"_monsterinsights_sitenote_note":"","_monsterinsights_sitenote_category":0,"footnotes":""},"categories":[1],"tags":[],"class_list":{"0":"post-4889","1":"post","2":"type-post","3":"status-publish","4":"format-standard","5":"has-post-thumbnail","7":"category-nacionales"},"aioseo_notices":[],"_links":{"self":[{"href":"https:\/\/periodicolarepublica.com\/index.php\/wp-json\/wp\/v2\/posts\/4889","targetHints":{"allow":["GET"]}}],"collection":[{"href":"https:\/\/periodicolarepublica.com\/index.php\/wp-json\/wp\/v2\/posts"}],"about":[{"href":"https:\/\/periodicolarepublica.com\/index.php\/wp-json\/wp\/v2\/types\/post"}],"author":[{"embeddable":true,"href":"https:\/\/periodicolarepublica.com\/index.php\/wp-json\/wp\/v2\/users\/10"}],"replies":[{"embeddable":true,"href":"https:\/\/periodicolarepublica.com\/index.php\/wp-json\/wp\/v2\/comments?post=4889"}],"version-history":[{"count":1,"href":"https:\/\/periodicolarepublica.com\/index.php\/wp-json\/wp\/v2\/posts\/4889\/revisions"}],"predecessor-version":[{"id":4891,"href":"https:\/\/periodicolarepublica.com\/index.php\/wp-json\/wp\/v2\/posts\/4889\/revisions\/4891"}],"wp:featuredmedia":[{"embeddable":true,"href":"https:\/\/periodicolarepublica.com\/index.php\/wp-json\/wp\/v2\/media\/4890"}],"wp:attachment":[{"href":"https:\/\/periodicolarepublica.com\/index.php\/wp-json\/wp\/v2\/media?parent=4889"}],"wp:term":[{"taxonomy":"category","embeddable":true,"href":"https:\/\/periodicolarepublica.com\/index.php\/wp-json\/wp\/v2\/categories?post=4889"},{"taxonomy":"post_tag","embeddable":true,"href":"https:\/\/periodicolarepublica.com\/index.php\/wp-json\/wp\/v2\/tags?post=4889"}],"curies":[{"name":"wp","href":"https:\/\/api.w.org\/{rel}","templated":true}]}}