{"id":4895,"date":"2026-01-19T16:38:08","date_gmt":"2026-01-19T20:38:08","guid":{"rendered":"https:\/\/periodicolarepublica.com\/?p=4895"},"modified":"2026-01-19T16:38:08","modified_gmt":"2026-01-19T20:38:08","slug":"tomas-hernandez-alberto-aclara-posicion-sobre-la-corrupcion-y-destaca-la-independencia-de-la-justicia-en-el-gobierno-de-luis-abinader","status":"publish","type":"post","link":"https:\/\/periodicolarepublica.com\/index.php\/2026\/01\/19\/tomas-hernandez-alberto-aclara-posicion-sobre-la-corrupcion-y-destaca-la-independencia-de-la-justicia-en-el-gobierno-de-luis-abinader\/","title":{"rendered":"Tom\u00e1s Hern\u00e1ndez Alberto aclara posici\u00f3n sobre la corrupci\u00f3n y destaca la independencia de la justicia en el gobierno de Luis Abinader"},"content":{"rendered":"<p>Hoy la realidad es distinta. En el gobierno del presidente Luis Abinader, la justicia sirve a los intereses de la Rep\u00fablica Dominicana.<\/p>\n<p>Santo Domingo,\u2013 El dirigente pol\u00edtico Tom\u00e1s Hern\u00e1ndez Alberto aclar\u00f3 este d\u00eda a su amigo y expresidente Danilo Medina que durante los ocho a\u00f1os de su gobierno, as\u00ed como durante los doce a\u00f1os de gesti\u00f3n del expresidente Leonel Fern\u00e1ndez, ambos bajo el Partido de la Liberaci\u00f3n Dominicana (PLD), el pa\u00eds fue testigo de numerosos esc\u00e1ndalos de corrupci\u00f3n que nunca fueron sometidos a la justicia dominicana.<\/p>\n<p>&nbsp;<\/p>\n<p>Hern\u00e1ndez Alberto afirm\u00f3 que en esos per\u00edodos la justicia respond\u00eda a intereses pol\u00edticos y no al inter\u00e9s nacional, raz\u00f3n por la cual ning\u00fan alto funcionario fue procesado judicialmente por hechos de corrupci\u00f3n, pese a las m\u00faltiples denuncias conocidas por la sociedad dominicana.<\/p>\n<p>&nbsp;<\/p>\n<p>\u201cHoy la realidad es distinta. En el gobierno del presidente Luis Abinader, la justicia sirve a los intereses de la Rep\u00fablica Dominicana y no a los intereses de ning\u00fan partido pol\u00edtico\u201d, expres\u00f3.<\/p>\n<p>&nbsp;<\/p>\n<p>El dirigente resalt\u00f3 que en la actual gesti\u00f3n no existen \u201cvacas sagradas\u201d y que los hechos est\u00e1n a la vista de todo el pueblo dominicano, con exfuncionarios y funcionarios siendo investigados y sometidos conforme a la ley, fortaleciendo as\u00ed la transparencia y el Estado de derecho.<\/p>\n<p>&nbsp;<\/p>\n<p>Tom\u00e1s Hern\u00e1ndez Alberto sostuvo que antes de emitir juicios sobre corrupci\u00f3n, es necesario revisar con objetividad los ocho a\u00f1os del expresidente Danilo Medina y los doce a\u00f1os del expresidente Leonel Fern\u00e1ndez, per\u00edodos en los que, seg\u00fan afirm\u00f3, la impunidad fue una constante.<\/p>\n<p>&nbsp;<\/p>\n<p>Finalmente, reiter\u00f3 su respaldo a una justicia independiente y a las acciones del presidente Luis Abinader orientadas a combatir la corrupci\u00f3n y garantizar que la ley sea aplicada sin distinci\u00f3n.<img loading=\"lazy\" decoding=\"async\" class=\"size-medium wp-image-4896 alignright\" src=\"https:\/\/periodicolarepublica.com\/wp-content\/uploads\/2026\/01\/SaveClip.App_486448321_9288273877877060_5571643357266104831_n-300x200.jpg\" alt=\"\" width=\"300\" height=\"200\" srcset=\"https:\/\/periodicolarepublica.com\/wp-content\/uploads\/2026\/01\/SaveClip.App_486448321_9288273877877060_5571643357266104831_n-300x200.jpg?v=1768855072 300w, https:\/\/periodicolarepublica.com\/wp-content\/uploads\/2026\/01\/SaveClip.App_486448321_9288273877877060_5571643357266104831_n-1024x683.jpg?v=1768855072 1024w, https:\/\/periodicolarepublica.com\/wp-content\/uploads\/2026\/01\/SaveClip.App_486448321_9288273877877060_5571643357266104831_n-768x512.jpg?v=1768855072 768w, https:\/\/periodicolarepublica.com\/wp-content\/uploads\/2026\/01\/SaveClip.App_486448321_9288273877877060_5571643357266104831_n-150x100.jpg?v=1768855072 150w, https:\/\/periodicolarepublica.com\/wp-content\/uploads\/2026\/01\/SaveClip.App_486448321_9288273877877060_5571643357266104831_n-600x400.jpg?v=1768855072 600w, https:\/\/periodicolarepublica.com\/wp-content\/uploads\/2026\/01\/SaveClip.App_486448321_9288273877877060_5571643357266104831_n-696x464.jpg?v=1768855072 696w, https:\/\/periodicolarepublica.com\/wp-content\/uploads\/2026\/01\/SaveClip.App_486448321_9288273877877060_5571643357266104831_n-1068x712.jpg?v=1768855072 1068w, https:\/\/periodicolarepublica.com\/wp-content\/uploads\/2026\/01\/SaveClip.App_486448321_9288273877877060_5571643357266104831_n.jpg?v=1768855072 1080w\" sizes=\"auto, (max-width: 300px) 100vw, 300px\" \/><\/p>\n","protected":false},"excerpt":{"rendered":"<p>Hoy la realidad es distinta. En el gobierno del presidente Luis Abinader, la justicia sirve a los intereses de la Rep\u00fablica Dominicana. Santo Domingo,\u2013 El dirigente pol\u00edtico Tom\u00e1s Hern\u00e1ndez Alberto aclar\u00f3 este d\u00eda a su amigo y expresidente Danilo Medina que durante los ocho a\u00f1os de su gobierno, as\u00ed como durante los doce a\u00f1os de [&hellip;]<\/p>\n","protected":false},"author":10,"featured_media":4896,"comment_status":"open","ping_status":"open","sticky":false,"template":"","format":"standard","meta":{"om_disable_all_campaigns":false,"_monsterinsights_skip_tracking":false,"_monsterinsights_sitenote_active":false,"_monsterinsights_sitenote_note":"","_monsterinsights_sitenote_category":0,"footnotes":""},"categories":[1],"tags":[163],"class_list":{"0":"post-4895","1":"post","2":"type-post","3":"status-publish","4":"format-standard","5":"has-post-thumbnail","7":"category-nacionales","8":"tag-tomas-hernandez-alberto"},"aioseo_notices":[],"_links":{"self":[{"href":"https:\/\/periodicolarepublica.com\/index.php\/wp-json\/wp\/v2\/posts\/4895","targetHints":{"allow":["GET"]}}],"collection":[{"href":"https:\/\/periodicolarepublica.com\/index.php\/wp-json\/wp\/v2\/posts"}],"about":[{"href":"https:\/\/periodicolarepublica.com\/index.php\/wp-json\/wp\/v2\/types\/post"}],"author":[{"embeddable":true,"href":"https:\/\/periodicolarepublica.com\/index.php\/wp-json\/wp\/v2\/users\/10"}],"replies":[{"embeddable":true,"href":"https:\/\/periodicolarepublica.com\/index.php\/wp-json\/wp\/v2\/comments?post=4895"}],"version-history":[{"count":1,"href":"https:\/\/periodicolarepublica.com\/index.php\/wp-json\/wp\/v2\/posts\/4895\/revisions"}],"predecessor-version":[{"id":4897,"href":"https:\/\/periodicolarepublica.com\/index.php\/wp-json\/wp\/v2\/posts\/4895\/revisions\/4897"}],"wp:featuredmedia":[{"embeddable":true,"href":"https:\/\/periodicolarepublica.com\/index.php\/wp-json\/wp\/v2\/media\/4896"}],"wp:attachment":[{"href":"https:\/\/periodicolarepublica.com\/index.php\/wp-json\/wp\/v2\/media?parent=4895"}],"wp:term":[{"taxonomy":"category","embeddable":true,"href":"https:\/\/periodicolarepublica.com\/index.php\/wp-json\/wp\/v2\/categories?post=4895"},{"taxonomy":"post_tag","embeddable":true,"href":"https:\/\/periodicolarepublica.com\/index.php\/wp-json\/wp\/v2\/tags?post=4895"}],"curies":[{"name":"wp","href":"https:\/\/api.w.org\/{rel}","templated":true}]}}