{"id":4901,"date":"2026-01-20T18:29:43","date_gmt":"2026-01-20T22:29:43","guid":{"rendered":"https:\/\/periodicolarepublica.com\/?p=4901"},"modified":"2026-01-20T18:29:43","modified_gmt":"2026-01-20T22:29:43","slug":"tomas-hernandez-alberto-llama-al-pueblo-dominicano-a-mantenerse-en-oracion-por-la-salud-de-ramon-albuquerque","status":"publish","type":"post","link":"https:\/\/periodicolarepublica.com\/index.php\/2026\/01\/20\/tomas-hernandez-alberto-llama-al-pueblo-dominicano-a-mantenerse-en-oracion-por-la-salud-de-ramon-albuquerque\/","title":{"rendered":"Tom\u00e1s Hern\u00e1ndez Alberto llama al pueblo dominicano a mantenerse en oraci\u00f3n por la salud de Ram\u00f3n Albuquerque"},"content":{"rendered":"<p>Hern\u00e1ndez Alberto reiter\u00f3 su llamado a la ciudadan\u00eda: \u201cPido al pueblo dominicano que mantenga a Ram\u00f3n Albuquerque en sus oraciones,<\/p>\n<p>Santo Domingo, RD. \u2014 El dirigente pol\u00edtico Tom\u00e1s Hern\u00e1ndez Alberto hizo un llamado al pueblo dominicano a mantenerse en oraci\u00f3n por la salud del compa\u00f1ero Ram\u00f3n Albuquerque, quien se encuentra estable en la cl\u00ednica Cedimat, tras una visita realizada en la ma\u00f1ana de hoy.<\/p>\n<p>Hern\u00e1ndez Alberto destac\u00f3 la amplia trayectoria pol\u00edtica y humana de Ram\u00f3n Albuquerque, a quien defini\u00f3 como un hombre de grandes capacidades intelectuales y de un invaluable aporte a la vida democr\u00e1tica del pa\u00eds. Record\u00f3 su desempe\u00f1o como senador por la provincia Monte Plata, presidente del Senado, presidente del Partido Revolucionario Dominicano (PRD), as\u00ed como fundador y destacado miembro del Partido Revolucionario Moderno (PRM).<\/p>\n<p>&nbsp;<\/p>\n<p>\u201cRam\u00f3n Albuquerque es un hombre excepcional, con una capacidad intelectual extraordinaria, a quien muchos consideran uno de los dominicanos m\u00e1s inteligentes de nuestra historia pol\u00edtica\u201d, expres\u00f3 Hern\u00e1ndez Alberto.<\/p>\n<p>Asimismo, record\u00f3 que tuvo el honor de servir como presidente en funciones junto a Ram\u00f3n Albuquerque, trabajando de manera conjunta en el fortalecimiento del entonces PRD, y resalt\u00f3 su papel clave en las luchas sociales y humanitarias del pa\u00eds, especialmente junto al l\u00edder hist\u00f3rico Jos\u00e9 Francisco Pe\u00f1a G\u00f3mez, etapa que permanece viva en la memoria del pueblo dominicano.<\/p>\n<p>&nbsp;<\/p>\n<p>Hern\u00e1ndez Alberto reiter\u00f3 su llamado a la ciudadan\u00eda: \u201cPido al pueblo dominicano que mantenga a Ram\u00f3n Albuquerque en sus oraciones, confiando en Dios y en su fortaleza para su pronta recuperaci\u00f3n\u201d.<img loading=\"lazy\" decoding=\"async\" class=\"size-medium wp-image-4902 alignright\" src=\"https:\/\/periodicolarepublica.com\/wp-content\/uploads\/2026\/01\/IMG_20260120_181413-300x294.jpg\" alt=\"\" width=\"300\" height=\"294\" srcset=\"https:\/\/periodicolarepublica.com\/wp-content\/uploads\/2026\/01\/IMG_20260120_181413-300x294.jpg?v=1768948168 300w, https:\/\/periodicolarepublica.com\/wp-content\/uploads\/2026\/01\/IMG_20260120_181413-150x147.jpg?v=1768948168 150w, https:\/\/periodicolarepublica.com\/wp-content\/uploads\/2026\/01\/IMG_20260120_181413-600x588.jpg?v=1768948168 600w, https:\/\/periodicolarepublica.com\/wp-content\/uploads\/2026\/01\/IMG_20260120_181413.jpg?v=1768948168 649w\" sizes=\"auto, (max-width: 300px) 100vw, 300px\" \/><\/p>\n","protected":false},"excerpt":{"rendered":"<p>Hern\u00e1ndez Alberto reiter\u00f3 su llamado a la ciudadan\u00eda: \u201cPido al pueblo dominicano que mantenga a Ram\u00f3n Albuquerque en sus oraciones, Santo Domingo, RD. \u2014 El dirigente pol\u00edtico Tom\u00e1s Hern\u00e1ndez Alberto hizo un llamado al pueblo dominicano a mantenerse en oraci\u00f3n por la salud del compa\u00f1ero Ram\u00f3n Albuquerque, quien se encuentra estable en la cl\u00ednica Cedimat, [&hellip;]<\/p>\n","protected":false},"author":10,"featured_media":4902,"comment_status":"open","ping_status":"open","sticky":false,"template":"","format":"standard","meta":{"om_disable_all_campaigns":false,"_monsterinsights_skip_tracking":false,"_monsterinsights_sitenote_active":false,"_monsterinsights_sitenote_note":"","_monsterinsights_sitenote_category":0,"footnotes":""},"categories":[1],"tags":[163],"class_list":{"0":"post-4901","1":"post","2":"type-post","3":"status-publish","4":"format-standard","5":"has-post-thumbnail","7":"category-nacionales","8":"tag-tomas-hernandez-alberto"},"aioseo_notices":[],"_links":{"self":[{"href":"https:\/\/periodicolarepublica.com\/index.php\/wp-json\/wp\/v2\/posts\/4901","targetHints":{"allow":["GET"]}}],"collection":[{"href":"https:\/\/periodicolarepublica.com\/index.php\/wp-json\/wp\/v2\/posts"}],"about":[{"href":"https:\/\/periodicolarepublica.com\/index.php\/wp-json\/wp\/v2\/types\/post"}],"author":[{"embeddable":true,"href":"https:\/\/periodicolarepublica.com\/index.php\/wp-json\/wp\/v2\/users\/10"}],"replies":[{"embeddable":true,"href":"https:\/\/periodicolarepublica.com\/index.php\/wp-json\/wp\/v2\/comments?post=4901"}],"version-history":[{"count":1,"href":"https:\/\/periodicolarepublica.com\/index.php\/wp-json\/wp\/v2\/posts\/4901\/revisions"}],"predecessor-version":[{"id":4903,"href":"https:\/\/periodicolarepublica.com\/index.php\/wp-json\/wp\/v2\/posts\/4901\/revisions\/4903"}],"wp:featuredmedia":[{"embeddable":true,"href":"https:\/\/periodicolarepublica.com\/index.php\/wp-json\/wp\/v2\/media\/4902"}],"wp:attachment":[{"href":"https:\/\/periodicolarepublica.com\/index.php\/wp-json\/wp\/v2\/media?parent=4901"}],"wp:term":[{"taxonomy":"category","embeddable":true,"href":"https:\/\/periodicolarepublica.com\/index.php\/wp-json\/wp\/v2\/categories?post=4901"},{"taxonomy":"post_tag","embeddable":true,"href":"https:\/\/periodicolarepublica.com\/index.php\/wp-json\/wp\/v2\/tags?post=4901"}],"curies":[{"name":"wp","href":"https:\/\/api.w.org\/{rel}","templated":true}]}}