{"id":4907,"date":"2026-01-21T18:43:51","date_gmt":"2026-01-21T22:43:51","guid":{"rendered":"https:\/\/periodicolarepublica.com\/?p=4907"},"modified":"2026-01-21T18:43:51","modified_gmt":"2026-01-21T22:43:51","slug":"santiago-se-proyecta-como-destino-turistico-inteligente-y-sostenible-en-fitur","status":"publish","type":"post","link":"https:\/\/periodicolarepublica.com\/index.php\/2026\/01\/21\/santiago-se-proyecta-como-destino-turistico-inteligente-y-sostenible-en-fitur\/","title":{"rendered":"Santiago se proyecta como destino tur\u00edstico inteligente y sostenible en FITUR"},"content":{"rendered":"<p>Madrid, Espa\u00f1a. \u2014 En el marco de la Feria Internacional de Turismo (FITUR), Santiago de los Caballeros se present\u00f3 ante el mercado internacional como un destino con prop\u00f3sito, enfocado en generar valor econ\u00f3mico, social, cultural y ambiental, durante un acto encabezado por el ministro de Turismo, David Collado, junto a Visit Santiago, con anuncios realizados por Manuel Estrella, Jos\u00e9 Clase y Melany Rodr\u00edguez Gonz\u00e1lez.<\/p>\n<p>Durante la presentaci\u00f3n, Visit Santiago anunci\u00f3 oficialmente que en 2026 la ciudad iniciar\u00e1 el proceso de certificaci\u00f3n como Destino Tur\u00edstico Inteligente (DTI), en colaboraci\u00f3n con SEGITTUR, con el impulso del Ministerio de Turismo y la Alcald\u00eda de Santiago, alineando al destino con est\u00e1ndares internacionales en planificaci\u00f3n, accesibilidad, gobernanza e innovaci\u00f3n.<\/p>\n<p>Santiago, referente de alianza p\u00fablico-privada<\/p>\n<p>En su intervenci\u00f3n, el ministro David Collado destac\u00f3 a Santiago como un modelo exitoso de alianza p\u00fablico-privada, resaltando el trabajo articulado que se ha desarrollado a trav\u00e9s del Santiago Tur\u00edstico Bureau y Visit Santiago. Se\u00f1al\u00f3 que esta sinergia ha permitido estructurar una visi\u00f3n compartida de desarrollo tur\u00edstico, con proyectos concretos, continuidad institucional y una clara orientaci\u00f3n a resultados.<\/p>\n<p>&nbsp;<\/p>\n<p>Como parte de esta visi\u00f3n estrat\u00e9gica, se destacaron tres proyectos clave que fortalecen la oferta de Santiago como ciudad destino:<\/p>\n<p>\u2022 La intervenci\u00f3n integral del Monumento a los H\u00e9roes de la Restauraci\u00f3n, ejecutada con fondos del Ministerio de Turismo.<\/p>\n<p>\u2022 La creaci\u00f3n de un nuevo museo dedicado a la historia y tradiciones de Santiago, que ampliar\u00e1 el circuito cultural urbano.<\/p>\n<p>\u2022 El desarrollo de un Visitor Center, concebido como punto de bienvenida e informaci\u00f3n para los visitantes.<\/p>\n<p>&nbsp;<\/p>\n<p>A estas iniciativas se suman la consolidaci\u00f3n del Festival Procigar, el evento de cigarro premium m\u00e1s importante del mundo en su categor\u00eda, y la participaci\u00f3n de la ciudad como co-sede de los Juegos Centroamericanos y del Caribe 2026, reforzando su proyecci\u00f3n internacional.<\/p>\n<p>&nbsp;<\/p>\n<p>En el acto tambi\u00e9n se present\u00f3 la primera edici\u00f3n de la revista Visitando Santiago, una publicaci\u00f3n que recoge la visi\u00f3n integral del destino: su cultura viva, el crecimiento del turismo de salud y deportivo, los avances en conectividad, la expansi\u00f3n hotelera y los nuevos espacios para eventos, como complemento de la plataforma digital visitsantiago.do.<\/p>\n<p>&nbsp;<\/p>\n<p>Conectividad a\u00e9rea, pilar del posicionamiento internacional<\/p>\n<p>&nbsp;<\/p>\n<p>En materia de conectividad a\u00e9rea, se anunci\u00f3 la ampliaci\u00f3n del Aeropuerto Internacional del Cibao, que actualmente reporta un movimiento de 2.5 millones de pasajeros. Con la construcci\u00f3n de la nueva terminal, se proyecta un incremento de capacidad que permitir\u00e1 alcanzar hasta 5 millones de pasajeros.<\/p>\n<p>&nbsp;<\/p>\n<p>Asimismo, se inform\u00f3 la incorporaci\u00f3n de un tercer vuelo de Air Europa, fortaleciendo la conectividad directa de Santiago con Europa, y el inicio de los vuelos de Copa Airlines, que desde enero enlazar\u00e1n a la ciudad con Centroam\u00e9rica y Suram\u00e9rica, consolidando a Santiago como un nodo estrat\u00e9gico de conexi\u00f3n regional.<\/p>\n<p>&nbsp;<\/p>\n<p>El acto cerr\u00f3 con un mensaje del ministro David Collado sobre la importancia de hacer turismo desde el amor, como motor para crear experiencias aut\u00e9nticas, capaces de emocionar y dejar huella en quienes visitan la Rep\u00fablica Dominicana.<\/p>\n<p>Con estos anuncios, Santiago reafirma su posicionamiento como un destino urbano emergente en Am\u00e9rica Latina, preparado para recibir al mundo con visi\u00f3n, sostenibilidad, conectividad y una s\u00f3lida articulaci\u00f3n p\u00fablico-privada.<\/p>\n<p><img loading=\"lazy\" decoding=\"async\" class=\"alignnone size-medium wp-image-4908\" src=\"https:\/\/periodicolarepublica.com\/wp-content\/uploads\/2026\/01\/IMG-20260121-WA0075-300x225.jpg\" alt=\"\" width=\"300\" height=\"225\" srcset=\"https:\/\/periodicolarepublica.com\/wp-content\/uploads\/2026\/01\/IMG-20260121-WA0075-300x225.jpg 300w, https:\/\/periodicolarepublica.com\/wp-content\/uploads\/2026\/01\/IMG-20260121-WA0075-1024x768.jpg 1024w, https:\/\/periodicolarepublica.com\/wp-content\/uploads\/2026\/01\/IMG-20260121-WA0075-768x576.jpg 768w, https:\/\/periodicolarepublica.com\/wp-content\/uploads\/2026\/01\/IMG-20260121-WA0075-1536x1152.jpg 1536w, https:\/\/periodicolarepublica.com\/wp-content\/uploads\/2026\/01\/IMG-20260121-WA0075-2048x1536.jpg 2048w, https:\/\/periodicolarepublica.com\/wp-content\/uploads\/2026\/01\/IMG-20260121-WA0075-150x113.jpg 150w, https:\/\/periodicolarepublica.com\/wp-content\/uploads\/2026\/01\/IMG-20260121-WA0075-600x450.jpg 600w, https:\/\/periodicolarepublica.com\/wp-content\/uploads\/2026\/01\/IMG-20260121-WA0075-696x522.jpg 696w, https:\/\/periodicolarepublica.com\/wp-content\/uploads\/2026\/01\/IMG-20260121-WA0075-1392x1044.jpg 1392w, https:\/\/periodicolarepublica.com\/wp-content\/uploads\/2026\/01\/IMG-20260121-WA0075-1068x801.jpg 1068w, https:\/\/periodicolarepublica.com\/wp-content\/uploads\/2026\/01\/IMG-20260121-WA0075-1920x1440.jpg 1920w, https:\/\/periodicolarepublica.com\/wp-content\/uploads\/2026\/01\/IMG-20260121-WA0075-265x198.jpg 265w, https:\/\/periodicolarepublica.com\/wp-content\/uploads\/2026\/01\/IMG-20260121-WA0075-530x396.jpg 530w\" sizes=\"auto, (max-width: 300px) 100vw, 300px\" \/><\/p>\n","protected":false},"excerpt":{"rendered":"<p>Madrid, Espa\u00f1a. \u2014 En el marco de la Feria Internacional de Turismo (FITUR), Santiago de los Caballeros se present\u00f3 ante el mercado internacional como un destino con prop\u00f3sito, enfocado en generar valor econ\u00f3mico, social, cultural y ambiental, durante un acto encabezado por el ministro de Turismo, David Collado, junto a Visit Santiago, con anuncios realizados [&hellip;]<\/p>\n","protected":false},"author":6,"featured_media":4908,"comment_status":"open","ping_status":"open","sticky":false,"template":"","format":"standard","meta":{"om_disable_all_campaigns":false,"_monsterinsights_skip_tracking":false,"_monsterinsights_sitenote_active":false,"_monsterinsights_sitenote_note":"","_monsterinsights_sitenote_category":0,"footnotes":""},"categories":[1],"tags":[],"class_list":{"0":"post-4907","1":"post","2":"type-post","3":"status-publish","4":"format-standard","5":"has-post-thumbnail","7":"category-nacionales"},"aioseo_notices":[],"_links":{"self":[{"href":"https:\/\/periodicolarepublica.com\/index.php\/wp-json\/wp\/v2\/posts\/4907","targetHints":{"allow":["GET"]}}],"collection":[{"href":"https:\/\/periodicolarepublica.com\/index.php\/wp-json\/wp\/v2\/posts"}],"about":[{"href":"https:\/\/periodicolarepublica.com\/index.php\/wp-json\/wp\/v2\/types\/post"}],"author":[{"embeddable":true,"href":"https:\/\/periodicolarepublica.com\/index.php\/wp-json\/wp\/v2\/users\/6"}],"replies":[{"embeddable":true,"href":"https:\/\/periodicolarepublica.com\/index.php\/wp-json\/wp\/v2\/comments?post=4907"}],"version-history":[{"count":1,"href":"https:\/\/periodicolarepublica.com\/index.php\/wp-json\/wp\/v2\/posts\/4907\/revisions"}],"predecessor-version":[{"id":4909,"href":"https:\/\/periodicolarepublica.com\/index.php\/wp-json\/wp\/v2\/posts\/4907\/revisions\/4909"}],"wp:featuredmedia":[{"embeddable":true,"href":"https:\/\/periodicolarepublica.com\/index.php\/wp-json\/wp\/v2\/media\/4908"}],"wp:attachment":[{"href":"https:\/\/periodicolarepublica.com\/index.php\/wp-json\/wp\/v2\/media?parent=4907"}],"wp:term":[{"taxonomy":"category","embeddable":true,"href":"https:\/\/periodicolarepublica.com\/index.php\/wp-json\/wp\/v2\/categories?post=4907"},{"taxonomy":"post_tag","embeddable":true,"href":"https:\/\/periodicolarepublica.com\/index.php\/wp-json\/wp\/v2\/tags?post=4907"}],"curies":[{"name":"wp","href":"https:\/\/api.w.org\/{rel}","templated":true}]}}