{"id":4910,"date":"2026-01-21T18:47:43","date_gmt":"2026-01-21T22:47:43","guid":{"rendered":"https:\/\/periodicolarepublica.com\/?p=4910"},"modified":"2026-01-21T18:47:43","modified_gmt":"2026-01-21T22:47:43","slug":"suiza-expresa-interes-en-fortalecer-cooperacion-energetica-y-minera-con-republica-dominicana","status":"publish","type":"post","link":"https:\/\/periodicolarepublica.com\/index.php\/2026\/01\/21\/suiza-expresa-interes-en-fortalecer-cooperacion-energetica-y-minera-con-republica-dominicana\/","title":{"rendered":"Suiza expresa inter\u00e9s en fortalecer cooperaci\u00f3n energ\u00e9tica y minera con Rep\u00fablica Dominicana"},"content":{"rendered":"<p>Embajadora Rita H\u00e4mmerli-Weschke valora la gesti\u00f3n del ministerio de Energ\u00eda y Minas, Joel Santos<\/p>\n<p>*SANTO DOMINGO.* La embajadora de Suiza en Rep\u00fablica Dominicana, Rita H\u00e4mmerli-Weschke, resalt\u00f3 el inter\u00e9s de su pa\u00eds en fortalecer la cooperaci\u00f3n bilateral en los sectores energ\u00e9tico y minero, al tiempo que valor\u00f3 como positiva la gesti\u00f3n que desarrolla el Ministerio de Energ\u00eda y Minas, encabezado por Joel Santos.<\/p>\n<p>&nbsp;<\/p>\n<p>La representante diplom\u00e1tica emiti\u00f3 esas consideraciones durante una visita de cortes\u00eda realizada al ministro Santos, con motivo de su retiro del servicio consular.<\/p>\n<p>&nbsp;<\/p>\n<p>En el encuentro, realizado en el Sal\u00f3n del Consejo del Ministerio de Energ\u00eda y Minas, se intercambiaron impresiones sobre oportunidades de colaboraci\u00f3n bilateral, as\u00ed como pasar balance a la relaci\u00f3n institucional sostenida durante la misi\u00f3n diplom\u00e1tica de la embajadora en la naci\u00f3n dominicana.<\/p>\n<p>&nbsp;<\/p>\n<p>El ministro Santos agradeci\u00f3 el respaldo brindado por la legaci\u00f3n suiza durante su gesti\u00f3n y abord\u00f3 con la diplom\u00e1tica las posibilidades de promoci\u00f3n y comercializaci\u00f3n del larimar en el mercado suizo.<\/p>\n<p>&nbsp;<\/p>\n<p>\u201cSuiza es un mercado importante para nuestra piedra nacional, el larimar. Cuando usted regrese a su pa\u00eds y vean esa muestra de esta piedra semipreciosa, muchos querr\u00e1n saber de d\u00f3nde viene y c\u00f3mo adquirirla\u201d, expres\u00f3 Santos, quien, adem\u00e1s manifest\u00f3 disposici\u00f3n de continuar fortaleciendo los v\u00ednculos de cooperaci\u00f3n.<\/p>\n<p>&nbsp;<\/p>\n<p>\u201cUsted siempre ser\u00e1 bienvenida y estamos a la orden en lo que pueda ser de ayuda. Que disfrute su retiro\u201d, a\u00f1adi\u00f3.<\/p>\n<p>&nbsp;<\/p>\n<p>De su lado, la embajadora inform\u00f3 que su reemplazo asumir\u00e1 funciones en marzo pr\u00f3ximo y que llegar\u00e1 desde la ciudad de Chicago. Adem\u00e1s, reiter\u00f3 que Suiza tiene un importante potencial para aportar a Rep\u00fablica Dominicana en \u00e1reas vinculadas a la energ\u00eda y la miner\u00eda.<\/p>\n<p>&nbsp;<\/p>\n<p>\u201cTengo recuerdos muy agradables que me llevo de Rep\u00fablica Dominicana, as\u00ed como buenas amistades que he cultivado en este hermoso pa\u00eds\u201d, manifest\u00f3 H\u00e4mmerli-Weschke al referirse a su experiencia diplom\u00e1tica en el pa\u00eds.<\/p>\n<p>&nbsp;<\/p>\n<p>Como parte del encuentro, la embajadora entreg\u00f3 a Santos un obsequio representativo de la cultura suiza: la tradicional navaja suiza, reconocida internacionalmente como s\u00edmbolo de funcionalidad y practicidad.<\/p>\n<p>En la reuni\u00f3n tambi\u00e9n participaron la directora de Gabinete, Carmen Minaya; el director de Relaciones Internacionales, Gustavo Mej\u00eda-Ricart del Rosario e Ignacio Gonz\u00e1lez Franco, analista de Asuntos Multilaterales del ministerio.<\/p>\n<p><img loading=\"lazy\" decoding=\"async\" class=\"alignnone size-medium wp-image-2911\" src=\"https:\/\/periodicolarepublica.com\/wp-content\/uploads\/2025\/03\/fachada-MEM-1-e1751293560273-300x167.webp\" alt=\"\" width=\"300\" height=\"167\" srcset=\"https:\/\/periodicolarepublica.com\/wp-content\/uploads\/2025\/03\/fachada-MEM-1-e1751293560273-300x167.webp 300w, https:\/\/periodicolarepublica.com\/wp-content\/uploads\/2025\/03\/fachada-MEM-1-e1751293560273-1024x569.webp 1024w, https:\/\/periodicolarepublica.com\/wp-content\/uploads\/2025\/03\/fachada-MEM-1-e1751293560273-768x427.webp 768w, https:\/\/periodicolarepublica.com\/wp-content\/uploads\/2025\/03\/fachada-MEM-1-e1751293560273-150x83.webp 150w, https:\/\/periodicolarepublica.com\/wp-content\/uploads\/2025\/03\/fachada-MEM-1-e1751293560273-600x334.webp 600w, https:\/\/periodicolarepublica.com\/wp-content\/uploads\/2025\/03\/fachada-MEM-1-e1751293560273-696x387.webp 696w, https:\/\/periodicolarepublica.com\/wp-content\/uploads\/2025\/03\/fachada-MEM-1-e1751293560273-1068x594.webp 1068w, https:\/\/periodicolarepublica.com\/wp-content\/uploads\/2025\/03\/fachada-MEM-1-e1751293560273.webp 1295w\" sizes=\"auto, (max-width: 300px) 100vw, 300px\" \/><\/p>\n<p>&nbsp;<\/p>\n","protected":false},"excerpt":{"rendered":"<p>Embajadora Rita H\u00e4mmerli-Weschke valora la gesti\u00f3n del ministerio de Energ\u00eda y Minas, Joel Santos *SANTO DOMINGO.* La embajadora de Suiza en Rep\u00fablica Dominicana, Rita H\u00e4mmerli-Weschke, resalt\u00f3 el inter\u00e9s de su pa\u00eds en fortalecer la cooperaci\u00f3n bilateral en los sectores energ\u00e9tico y minero, al tiempo que valor\u00f3 como positiva la gesti\u00f3n que desarrolla el Ministerio de [&hellip;]<\/p>\n","protected":false},"author":6,"featured_media":2911,"comment_status":"open","ping_status":"open","sticky":false,"template":"","format":"standard","meta":{"om_disable_all_campaigns":false,"_monsterinsights_skip_tracking":false,"_monsterinsights_sitenote_active":false,"_monsterinsights_sitenote_note":"","_monsterinsights_sitenote_category":0,"footnotes":""},"categories":[1],"tags":[],"class_list":{"0":"post-4910","1":"post","2":"type-post","3":"status-publish","4":"format-standard","5":"has-post-thumbnail","7":"category-nacionales"},"aioseo_notices":[],"_links":{"self":[{"href":"https:\/\/periodicolarepublica.com\/index.php\/wp-json\/wp\/v2\/posts\/4910","targetHints":{"allow":["GET"]}}],"collection":[{"href":"https:\/\/periodicolarepublica.com\/index.php\/wp-json\/wp\/v2\/posts"}],"about":[{"href":"https:\/\/periodicolarepublica.com\/index.php\/wp-json\/wp\/v2\/types\/post"}],"author":[{"embeddable":true,"href":"https:\/\/periodicolarepublica.com\/index.php\/wp-json\/wp\/v2\/users\/6"}],"replies":[{"embeddable":true,"href":"https:\/\/periodicolarepublica.com\/index.php\/wp-json\/wp\/v2\/comments?post=4910"}],"version-history":[{"count":1,"href":"https:\/\/periodicolarepublica.com\/index.php\/wp-json\/wp\/v2\/posts\/4910\/revisions"}],"predecessor-version":[{"id":4911,"href":"https:\/\/periodicolarepublica.com\/index.php\/wp-json\/wp\/v2\/posts\/4910\/revisions\/4911"}],"wp:featuredmedia":[{"embeddable":true,"href":"https:\/\/periodicolarepublica.com\/index.php\/wp-json\/wp\/v2\/media\/2911"}],"wp:attachment":[{"href":"https:\/\/periodicolarepublica.com\/index.php\/wp-json\/wp\/v2\/media?parent=4910"}],"wp:term":[{"taxonomy":"category","embeddable":true,"href":"https:\/\/periodicolarepublica.com\/index.php\/wp-json\/wp\/v2\/categories?post=4910"},{"taxonomy":"post_tag","embeddable":true,"href":"https:\/\/periodicolarepublica.com\/index.php\/wp-json\/wp\/v2\/tags?post=4910"}],"curies":[{"name":"wp","href":"https:\/\/api.w.org\/{rel}","templated":true}]}}