{"id":4915,"date":"2026-01-21T22:16:53","date_gmt":"2026-01-22T02:16:53","guid":{"rendered":"https:\/\/periodicolarepublica.com\/?p=4915"},"modified":"2026-01-21T22:16:53","modified_gmt":"2026-01-22T02:16:53","slug":"banco-popular-celebra-su-cena-gala-en-fitur-para-hoteleros-e-inversionistas","status":"publish","type":"post","link":"https:\/\/periodicolarepublica.com\/index.php\/2026\/01\/21\/banco-popular-celebra-su-cena-gala-en-fitur-para-hoteleros-e-inversionistas\/","title":{"rendered":"Banco Popular celebra su cena gala en FITUR para hoteleros e inversionistas"},"content":{"rendered":"<p>El Banco Popular Dominicano, en el marco de su participaci\u00f3n en la 46\u00b0 Feria Internacional de Turismo (FITUR) 2026, celebr\u00f3 su tradicional cena de gala en la emblem\u00e1tica Galer\u00eda de Cristal del Palacio de Cibeles de Madrid, en honor a los hoteleros, inversionistas y la delegaci\u00f3n oficial de la Rep\u00fablica Dominicana participante en esta feria.<\/p>\n<p>El evento reuni\u00f3 a 450 invitados en una velada concebida para proyectar al mundo la riqueza cultural, la innovaci\u00f3n y la hospitalidad de la Rep\u00fablica Dominicana como destino tur\u00edstico de referencia en la regi\u00f3n latinoamericana.<\/p>\n<p>De esta forma, el Banco Popular ofreci\u00f3 a los presentes una experiencia dise\u00f1ada con una fuerte carga sensorial, est\u00e9tica y simb\u00f3lica, transformando este espacio de 2,800 m\u00b2 en un escenario inmersivo, donde convergieron la naturaleza caribe\u00f1a, la tradici\u00f3n identitaria y la elegancia contempor\u00e1nea. Toda la ambientaci\u00f3n qued\u00f3 resaltada bajo la sofisticada b\u00f3veda acristalada del recinto, de m\u00e1s de 500 toneladas de peso y construida con casi 2,000 cristales triangulares diferentes entre s\u00ed, la cual se eleva a 30 metros de altura<\/p>\n<p><img loading=\"lazy\" decoding=\"async\" class=\"alignnone size-medium wp-image-3090\" src=\"https:\/\/periodicolarepublica.com\/wp-content\/uploads\/2025\/04\/bpd250x250-300x158.jpg\" alt=\"\" width=\"300\" height=\"158\" srcset=\"https:\/\/periodicolarepublica.com\/wp-content\/uploads\/2025\/04\/bpd250x250-300x158.jpg 300w, https:\/\/periodicolarepublica.com\/wp-content\/uploads\/2025\/04\/bpd250x250-1024x538.jpg 1024w, https:\/\/periodicolarepublica.com\/wp-content\/uploads\/2025\/04\/bpd250x250-768x403.jpg 768w, https:\/\/periodicolarepublica.com\/wp-content\/uploads\/2025\/04\/bpd250x250-150x79.jpg 150w, https:\/\/periodicolarepublica.com\/wp-content\/uploads\/2025\/04\/bpd250x250-600x315.jpg 600w, https:\/\/periodicolarepublica.com\/wp-content\/uploads\/2025\/04\/bpd250x250-696x365.jpg 696w, https:\/\/periodicolarepublica.com\/wp-content\/uploads\/2025\/04\/bpd250x250-1068x561.jpg 1068w, https:\/\/periodicolarepublica.com\/wp-content\/uploads\/2025\/04\/bpd250x250.jpg 1200w\" sizes=\"auto, (max-width: 300px) 100vw, 300px\" \/><\/p>\n<p>.<\/p>\n","protected":false},"excerpt":{"rendered":"<p>El Banco Popular Dominicano, en el marco de su participaci\u00f3n en la 46\u00b0 Feria Internacional de Turismo (FITUR) 2026, celebr\u00f3 su tradicional cena de gala en la emblem\u00e1tica Galer\u00eda de Cristal del Palacio de Cibeles de Madrid, en honor a los hoteleros, inversionistas y la delegaci\u00f3n oficial de la Rep\u00fablica Dominicana participante en esta feria. [&hellip;]<\/p>\n","protected":false},"author":6,"featured_media":3090,"comment_status":"open","ping_status":"open","sticky":false,"template":"","format":"standard","meta":{"om_disable_all_campaigns":false,"_monsterinsights_skip_tracking":false,"_monsterinsights_sitenote_active":false,"_monsterinsights_sitenote_note":"","_monsterinsights_sitenote_category":0,"footnotes":""},"categories":[1],"tags":[],"class_list":{"0":"post-4915","1":"post","2":"type-post","3":"status-publish","4":"format-standard","5":"has-post-thumbnail","7":"category-nacionales"},"aioseo_notices":[],"_links":{"self":[{"href":"https:\/\/periodicolarepublica.com\/index.php\/wp-json\/wp\/v2\/posts\/4915","targetHints":{"allow":["GET"]}}],"collection":[{"href":"https:\/\/periodicolarepublica.com\/index.php\/wp-json\/wp\/v2\/posts"}],"about":[{"href":"https:\/\/periodicolarepublica.com\/index.php\/wp-json\/wp\/v2\/types\/post"}],"author":[{"embeddable":true,"href":"https:\/\/periodicolarepublica.com\/index.php\/wp-json\/wp\/v2\/users\/6"}],"replies":[{"embeddable":true,"href":"https:\/\/periodicolarepublica.com\/index.php\/wp-json\/wp\/v2\/comments?post=4915"}],"version-history":[{"count":1,"href":"https:\/\/periodicolarepublica.com\/index.php\/wp-json\/wp\/v2\/posts\/4915\/revisions"}],"predecessor-version":[{"id":4916,"href":"https:\/\/periodicolarepublica.com\/index.php\/wp-json\/wp\/v2\/posts\/4915\/revisions\/4916"}],"wp:featuredmedia":[{"embeddable":true,"href":"https:\/\/periodicolarepublica.com\/index.php\/wp-json\/wp\/v2\/media\/3090"}],"wp:attachment":[{"href":"https:\/\/periodicolarepublica.com\/index.php\/wp-json\/wp\/v2\/media?parent=4915"}],"wp:term":[{"taxonomy":"category","embeddable":true,"href":"https:\/\/periodicolarepublica.com\/index.php\/wp-json\/wp\/v2\/categories?post=4915"},{"taxonomy":"post_tag","embeddable":true,"href":"https:\/\/periodicolarepublica.com\/index.php\/wp-json\/wp\/v2\/tags?post=4915"}],"curies":[{"name":"wp","href":"https:\/\/api.w.org\/{rel}","templated":true}]}}