{"id":4920,"date":"2026-01-24T02:53:27","date_gmt":"2026-01-24T06:53:27","guid":{"rendered":"https:\/\/periodicolarepublica.com\/?p=4920"},"modified":"2026-01-24T02:53:27","modified_gmt":"2026-01-24T06:53:27","slug":"la-casita-dominicana-llena-de-sabor-color-y-alegria-fitur","status":"publish","type":"post","link":"https:\/\/periodicolarepublica.com\/index.php\/2026\/01\/24\/la-casita-dominicana-llena-de-sabor-color-y-alegria-fitur\/","title":{"rendered":"\u00a0 La Casita Dominicana llena de sabor, color y alegr\u00eda FITUR."},"content":{"rendered":"<p>El ministro de Turismo, David Collado, inaugur\u00f3 este jueves la Casita Dominicana en FITUR, una inspiradora muestra de Quisqueya en la m\u00e1s importante feria tur\u00edstica mundial, que se extender\u00e1 hasta el domingo aqu\u00ed en la capital espa\u00f1ola.<\/p>\n<p>&nbsp;<\/p>\n<p>En esta propuesta creativa del Ministerio de Turismo se muestra la tradici\u00f3n y la cercan\u00eda de lo que es el campo en el pa\u00eds, reforzada por la m\u00fasica dominicana que acompa\u00f1a la experiencia y conecta al visitante con la identidad cultural de la isla.<\/p>\n<p>&nbsp;<\/p>\n<p>El montaje integra la mata de pl\u00e1tano, la sombrilla de ca\u00f1a, mecedoras y los detalles en tonos azules que recuerdan las playas dominicanas, para que los turistas y dominicanos que se dan cita en FITUR puedan sentirse como en casa.<\/p>\n<p>La Casita, que lleva el nombre de empresario Frank Rainieri, es una estructura ambientada para evocar la madera y amplios ventanales que llevan a sus espectadores al patio tradicional del campo.<\/p>\n<p><img loading=\"lazy\" decoding=\"async\" class=\"alignnone size-medium wp-image-4921\" src=\"https:\/\/periodicolarepublica.com\/wp-content\/uploads\/2026\/01\/IMG_4616-scaled-e1769237568682-300x276.jpg\" alt=\"\" width=\"300\" height=\"276\" srcset=\"https:\/\/periodicolarepublica.com\/wp-content\/uploads\/2026\/01\/IMG_4616-scaled-e1769237568682-300x276.jpg 300w, https:\/\/periodicolarepublica.com\/wp-content\/uploads\/2026\/01\/IMG_4616-scaled-e1769237568682-1024x944.jpg 1024w, https:\/\/periodicolarepublica.com\/wp-content\/uploads\/2026\/01\/IMG_4616-scaled-e1769237568682-768x708.jpg 768w, https:\/\/periodicolarepublica.com\/wp-content\/uploads\/2026\/01\/IMG_4616-scaled-e1769237568682-150x138.jpg 150w, https:\/\/periodicolarepublica.com\/wp-content\/uploads\/2026\/01\/IMG_4616-scaled-e1769237568682-600x553.jpg 600w, https:\/\/periodicolarepublica.com\/wp-content\/uploads\/2026\/01\/IMG_4616-scaled-e1769237568682-696x641.jpg 696w, https:\/\/periodicolarepublica.com\/wp-content\/uploads\/2026\/01\/IMG_4616-scaled-e1769237568682-1068x984.jpg 1068w, https:\/\/periodicolarepublica.com\/wp-content\/uploads\/2026\/01\/IMG_4616-scaled-e1769237568682.jpg 1237w\" sizes=\"auto, (max-width: 300px) 100vw, 300px\" \/><\/p>\n","protected":false},"excerpt":{"rendered":"<p>El ministro de Turismo, David Collado, inaugur\u00f3 este jueves la Casita Dominicana en FITUR, una inspiradora muestra de Quisqueya en la m\u00e1s importante feria tur\u00edstica mundial, que se extender\u00e1 hasta el domingo aqu\u00ed en la capital espa\u00f1ola. &nbsp; En esta propuesta creativa del Ministerio de Turismo se muestra la tradici\u00f3n y la cercan\u00eda de lo [&hellip;]<\/p>\n","protected":false},"author":6,"featured_media":4921,"comment_status":"open","ping_status":"open","sticky":false,"template":"","format":"standard","meta":{"om_disable_all_campaigns":false,"_monsterinsights_skip_tracking":false,"_monsterinsights_sitenote_active":false,"_monsterinsights_sitenote_note":"","_monsterinsights_sitenote_category":0,"footnotes":""},"categories":[1],"tags":[],"class_list":{"0":"post-4920","1":"post","2":"type-post","3":"status-publish","4":"format-standard","5":"has-post-thumbnail","7":"category-nacionales"},"aioseo_notices":[],"_links":{"self":[{"href":"https:\/\/periodicolarepublica.com\/index.php\/wp-json\/wp\/v2\/posts\/4920","targetHints":{"allow":["GET"]}}],"collection":[{"href":"https:\/\/periodicolarepublica.com\/index.php\/wp-json\/wp\/v2\/posts"}],"about":[{"href":"https:\/\/periodicolarepublica.com\/index.php\/wp-json\/wp\/v2\/types\/post"}],"author":[{"embeddable":true,"href":"https:\/\/periodicolarepublica.com\/index.php\/wp-json\/wp\/v2\/users\/6"}],"replies":[{"embeddable":true,"href":"https:\/\/periodicolarepublica.com\/index.php\/wp-json\/wp\/v2\/comments?post=4920"}],"version-history":[{"count":1,"href":"https:\/\/periodicolarepublica.com\/index.php\/wp-json\/wp\/v2\/posts\/4920\/revisions"}],"predecessor-version":[{"id":4922,"href":"https:\/\/periodicolarepublica.com\/index.php\/wp-json\/wp\/v2\/posts\/4920\/revisions\/4922"}],"wp:featuredmedia":[{"embeddable":true,"href":"https:\/\/periodicolarepublica.com\/index.php\/wp-json\/wp\/v2\/media\/4921"}],"wp:attachment":[{"href":"https:\/\/periodicolarepublica.com\/index.php\/wp-json\/wp\/v2\/media?parent=4920"}],"wp:term":[{"taxonomy":"category","embeddable":true,"href":"https:\/\/periodicolarepublica.com\/index.php\/wp-json\/wp\/v2\/categories?post=4920"},{"taxonomy":"post_tag","embeddable":true,"href":"https:\/\/periodicolarepublica.com\/index.php\/wp-json\/wp\/v2\/tags?post=4920"}],"curies":[{"name":"wp","href":"https:\/\/api.w.org\/{rel}","templated":true}]}}