{"id":4923,"date":"2026-01-24T02:57:03","date_gmt":"2026-01-24T06:57:03","guid":{"rendered":"https:\/\/periodicolarepublica.com\/?p=4923"},"modified":"2026-01-24T02:57:03","modified_gmt":"2026-01-24T06:57:03","slug":"fundacion-eduardo-leon-jimenes-30-anos-de-legado-cultural-y-compromiso-por-una-mejor-nacion","status":"publish","type":"post","link":"https:\/\/periodicolarepublica.com\/index.php\/2026\/01\/24\/fundacion-eduardo-leon-jimenes-30-anos-de-legado-cultural-y-compromiso-por-una-mejor-nacion\/","title":{"rendered":"Fundaci\u00f3n Eduardo Le\u00f3n Jimenes: 30 a\u00f1os de legado cultural y compromiso por una mejor naci\u00f3n"},"content":{"rendered":"<p>La Fundaci\u00f3n Eduardo Le\u00f3n Jimenes conmemor\u00f3 este martes su 30 aniversario con una Eucarist\u00eda oficiada por el Padre Jos\u00e9 Alberto Hidalgo en la Iglesia y Convento de los Dominicos, en la Ciudad Colonial de Santo Domingo.<\/p>\n<p>&nbsp;<\/p>\n<p>El acto reuni\u00f3 a miembros de la familia Le\u00f3n, aliados, colaboradores, autoridades, representantes del sector cultural y de los medios de comunicaci\u00f3n, quienes se unieron para celebrar tres d\u00e9cadas de compromiso con la cultura, la educaci\u00f3n, la literatura, la m\u00fasica y el medio ambiente.<\/p>\n<p>&nbsp;<\/p>\n<p>Bajo el lema \u201cLas ra\u00edces del porvenir\u201d, Mar\u00eda Amalia Le\u00f3n, presidente de la Fundaci\u00f3n Eduardo Le\u00f3n Jimenes y del Centro Le\u00f3n, ofreci\u00f3 unas palabras en las que destac\u00f3 el esp\u00edritu de gratitud y servicio que dio origen a la instituci\u00f3n, creada en 1995 por siete hermanos inspirados en un legado de servicio heredado de la familia.<\/p>\n<p><img loading=\"lazy\" decoding=\"async\" class=\"alignnone size-full wp-image-4924\" src=\"https:\/\/periodicolarepublica.com\/wp-content\/uploads\/2026\/01\/images-24.png\" alt=\"\" width=\"300\" height=\"300\" srcset=\"https:\/\/periodicolarepublica.com\/wp-content\/uploads\/2026\/01\/images-24.png 300w, https:\/\/periodicolarepublica.com\/wp-content\/uploads\/2026\/01\/images-24-150x150.png 150w\" sizes=\"auto, (max-width: 300px) 100vw, 300px\" \/><\/p>\n","protected":false},"excerpt":{"rendered":"<p>La Fundaci\u00f3n Eduardo Le\u00f3n Jimenes conmemor\u00f3 este martes su 30 aniversario con una Eucarist\u00eda oficiada por el Padre Jos\u00e9 Alberto Hidalgo en la Iglesia y Convento de los Dominicos, en la Ciudad Colonial de Santo Domingo. &nbsp; El acto reuni\u00f3 a miembros de la familia Le\u00f3n, aliados, colaboradores, autoridades, representantes del sector cultural y de [&hellip;]<\/p>\n","protected":false},"author":6,"featured_media":4924,"comment_status":"open","ping_status":"open","sticky":false,"template":"","format":"standard","meta":{"om_disable_all_campaigns":false,"_monsterinsights_skip_tracking":false,"_monsterinsights_sitenote_active":false,"_monsterinsights_sitenote_note":"","_monsterinsights_sitenote_category":0,"footnotes":""},"categories":[1],"tags":[516],"class_list":{"0":"post-4923","1":"post","2":"type-post","3":"status-publish","4":"format-standard","5":"has-post-thumbnail","7":"category-nacionales","8":"tag-fundacion-leon-jimenes"},"aioseo_notices":[],"_links":{"self":[{"href":"https:\/\/periodicolarepublica.com\/index.php\/wp-json\/wp\/v2\/posts\/4923","targetHints":{"allow":["GET"]}}],"collection":[{"href":"https:\/\/periodicolarepublica.com\/index.php\/wp-json\/wp\/v2\/posts"}],"about":[{"href":"https:\/\/periodicolarepublica.com\/index.php\/wp-json\/wp\/v2\/types\/post"}],"author":[{"embeddable":true,"href":"https:\/\/periodicolarepublica.com\/index.php\/wp-json\/wp\/v2\/users\/6"}],"replies":[{"embeddable":true,"href":"https:\/\/periodicolarepublica.com\/index.php\/wp-json\/wp\/v2\/comments?post=4923"}],"version-history":[{"count":1,"href":"https:\/\/periodicolarepublica.com\/index.php\/wp-json\/wp\/v2\/posts\/4923\/revisions"}],"predecessor-version":[{"id":4925,"href":"https:\/\/periodicolarepublica.com\/index.php\/wp-json\/wp\/v2\/posts\/4923\/revisions\/4925"}],"wp:featuredmedia":[{"embeddable":true,"href":"https:\/\/periodicolarepublica.com\/index.php\/wp-json\/wp\/v2\/media\/4924"}],"wp:attachment":[{"href":"https:\/\/periodicolarepublica.com\/index.php\/wp-json\/wp\/v2\/media?parent=4923"}],"wp:term":[{"taxonomy":"category","embeddable":true,"href":"https:\/\/periodicolarepublica.com\/index.php\/wp-json\/wp\/v2\/categories?post=4923"},{"taxonomy":"post_tag","embeddable":true,"href":"https:\/\/periodicolarepublica.com\/index.php\/wp-json\/wp\/v2\/tags?post=4923"}],"curies":[{"name":"wp","href":"https:\/\/api.w.org\/{rel}","templated":true}]}}