{"id":4926,"date":"2026-01-24T03:00:34","date_gmt":"2026-01-24T07:00:34","guid":{"rendered":"https:\/\/periodicolarepublica.com\/?p=4926"},"modified":"2026-01-24T03:00:34","modified_gmt":"2026-01-24T07:00:34","slug":"caesco-concluye-con-exito-programa-educativo-inmersivo-para-comunicadores-en-madrid","status":"publish","type":"post","link":"https:\/\/periodicolarepublica.com\/index.php\/2026\/01\/24\/caesco-concluye-con-exito-programa-educativo-inmersivo-para-comunicadores-en-madrid\/","title":{"rendered":"CAESCO concluye con \u00e9xito programa educativo inmersivo para comunicadores en Madrid"},"content":{"rendered":"<p>Madrid, Espa\u00f1a.\u2013 El Centro de An\u00e1lisis y Estudio de la Comunicaci\u00f3n (CAESCO) concluy\u00f3 con \u00e9xito la primera edici\u00f3n del CAESCO International Media Lab (CIMLAB) , una experiencia de transferencia de conocimiento y tecnolog\u00eda internacional que permiti\u00f3 a comunicadores, periodistas y creadores de contenido dominicanos vivir, analizar y reflexionar sobre los principales retos que enfrenta hoy el ecosistema medi\u00e1tico global.<\/p>\n<p>&nbsp;<\/p>\n<p>&nbsp;<\/p>\n<p>&nbsp;<\/p>\n<p>&nbsp;<\/p>\n<p>&nbsp;<\/p>\n<p>El presidente de CAESCO, Miguel Ot\u00e1\u00f1ez, destac\u00f3 que el CIMLAB fue una experiencia activa de pensamiento, an\u00e1lisis y acci\u00f3n que permiti\u00f3 a los participantes comprender los desaf\u00edos actuales de la comunicaci\u00f3n desde una perspectiva internacional y aplicada.<\/p>\n<p>&nbsp;<\/p>\n<p>&nbsp;<\/p>\n<p>&nbsp;<\/p>\n<p>&nbsp;<\/p>\n<p>&nbsp;<\/p>\n<p>Ot\u00e1\u00f1ez se\u00f1al\u00f3 que durante la jornada inmersiva desarrollada en Madrid, los participantes accedieron a espacios de formaci\u00f3n aplicada, intercambio acad\u00e9mico y observaci\u00f3n directa en instituciones clave del \u00e1mbito universitario y medi\u00e1tico consolidando una visi\u00f3n cr\u00edtica, actualizada y estrat\u00e9gica de la comunicaci\u00f3n contempor\u00e1nea.<\/p>\n<p><img loading=\"lazy\" decoding=\"async\" class=\"alignnone size-medium wp-image-4927\" src=\"https:\/\/periodicolarepublica.com\/wp-content\/uploads\/2026\/01\/images-7-1-300x300.jpeg\" alt=\"\" width=\"300\" height=\"300\" srcset=\"https:\/\/periodicolarepublica.com\/wp-content\/uploads\/2026\/01\/images-7-1-300x300.jpeg 300w, https:\/\/periodicolarepublica.com\/wp-content\/uploads\/2026\/01\/images-7-1-150x150.jpeg 150w, https:\/\/periodicolarepublica.com\/wp-content\/uploads\/2026\/01\/images-7-1.jpeg 447w\" sizes=\"auto, (max-width: 300px) 100vw, 300px\" \/><\/p>\n<p>&nbsp;<\/p>\n","protected":false},"excerpt":{"rendered":"<p>Madrid, Espa\u00f1a.\u2013 El Centro de An\u00e1lisis y Estudio de la Comunicaci\u00f3n (CAESCO) concluy\u00f3 con \u00e9xito la primera edici\u00f3n del CAESCO International Media Lab (CIMLAB) , una experiencia de transferencia de conocimiento y tecnolog\u00eda internacional que permiti\u00f3 a comunicadores, periodistas y creadores de contenido dominicanos vivir, analizar y reflexionar sobre los principales retos que enfrenta hoy [&hellip;]<\/p>\n","protected":false},"author":6,"featured_media":4927,"comment_status":"open","ping_status":"open","sticky":false,"template":"","format":"standard","meta":{"om_disable_all_campaigns":false,"_monsterinsights_skip_tracking":false,"_monsterinsights_sitenote_active":false,"_monsterinsights_sitenote_note":"","_monsterinsights_sitenote_category":0,"footnotes":""},"categories":[1],"tags":[508],"class_list":{"0":"post-4926","1":"post","2":"type-post","3":"status-publish","4":"format-standard","5":"has-post-thumbnail","7":"category-nacionales","8":"tag-caesco"},"aioseo_notices":[],"_links":{"self":[{"href":"https:\/\/periodicolarepublica.com\/index.php\/wp-json\/wp\/v2\/posts\/4926","targetHints":{"allow":["GET"]}}],"collection":[{"href":"https:\/\/periodicolarepublica.com\/index.php\/wp-json\/wp\/v2\/posts"}],"about":[{"href":"https:\/\/periodicolarepublica.com\/index.php\/wp-json\/wp\/v2\/types\/post"}],"author":[{"embeddable":true,"href":"https:\/\/periodicolarepublica.com\/index.php\/wp-json\/wp\/v2\/users\/6"}],"replies":[{"embeddable":true,"href":"https:\/\/periodicolarepublica.com\/index.php\/wp-json\/wp\/v2\/comments?post=4926"}],"version-history":[{"count":1,"href":"https:\/\/periodicolarepublica.com\/index.php\/wp-json\/wp\/v2\/posts\/4926\/revisions"}],"predecessor-version":[{"id":4928,"href":"https:\/\/periodicolarepublica.com\/index.php\/wp-json\/wp\/v2\/posts\/4926\/revisions\/4928"}],"wp:featuredmedia":[{"embeddable":true,"href":"https:\/\/periodicolarepublica.com\/index.php\/wp-json\/wp\/v2\/media\/4927"}],"wp:attachment":[{"href":"https:\/\/periodicolarepublica.com\/index.php\/wp-json\/wp\/v2\/media?parent=4926"}],"wp:term":[{"taxonomy":"category","embeddable":true,"href":"https:\/\/periodicolarepublica.com\/index.php\/wp-json\/wp\/v2\/categories?post=4926"},{"taxonomy":"post_tag","embeddable":true,"href":"https:\/\/periodicolarepublica.com\/index.php\/wp-json\/wp\/v2\/tags?post=4926"}],"curies":[{"name":"wp","href":"https:\/\/api.w.org\/{rel}","templated":true}]}}