{"id":4939,"date":"2026-01-24T22:42:34","date_gmt":"2026-01-25T02:42:34","guid":{"rendered":"https:\/\/periodicolarepublica.com\/?p=4939"},"modified":"2026-01-24T22:42:34","modified_gmt":"2026-01-25T02:42:34","slug":"luis-miguel-de-camps-ministro-de-educacion-recibe-reconocimiento-por-su-firme-apuesta-por-la-formacion-en-valores-de-la-juventud-dominicana","status":"publish","type":"post","link":"https:\/\/periodicolarepublica.com\/index.php\/2026\/01\/24\/luis-miguel-de-camps-ministro-de-educacion-recibe-reconocimiento-por-su-firme-apuesta-por-la-formacion-en-valores-de-la-juventud-dominicana\/","title":{"rendered":"Luis Miguel De Camps, ministro de Educaci\u00f3n, recibe reconocimiento por su firme apuesta por la formaci\u00f3n en valores de la juventud dominicana"},"content":{"rendered":"<p>El ministro de Educaci\u00f3n, Luis Miguel De Camps, recibi\u00f3 un reconocimiento especial durante el acto de graduaci\u00f3n de la XXXVIII Promoci\u00f3n del Programa de Formaci\u00f3n en Valores, en m\u00e9rito a su decidido respaldo a esta iniciativa y a sus aportes al fortalecimiento del sistema educativo nacional.<\/p>\n<p>&nbsp;<\/p>\n<p>&nbsp;<\/p>\n<p>El reconocimiento resalta la visi\u00f3n y compromiso del ministro De Camps, quien desde el primer momento respald\u00f3 el Programa de Formaci\u00f3n en Valores como una herramienta esencial para la formaci\u00f3n integral de la juventud dominicana, promoviendo una educaci\u00f3n basada no solo en conocimientos acad\u00e9micos, sino tambi\u00e9n en principios \u00e9ticos y ciudadanos.<\/p>\n<p>&nbsp;<\/p>\n<p>&nbsp;<\/p>\n<p>La placa fue entregada por el ministro de Defensa, teniente general Carlos Antonio Fern\u00e1ndez Onofre, ERD., junto al director general del Servicio Militar Voluntario, quienes destacaron adem\u00e1s la contribuci\u00f3n del titular de Educaci\u00f3n a la reincorporaci\u00f3n de la educaci\u00f3n de Moral, C\u00edvica y \u00c9tica Ciudadana en el curr\u00edculo escolar, una medida clave para el fortalecimiento de la conciencia c\u00edvica y los valores ciudadanos en el pa\u00eds.<\/p>\n<p>&nbsp;<\/p>\n<p>&nbsp;<\/p>\n<p>La actividad se celebr\u00f3 este s\u00e1bado en el Sal\u00f3n Independencia del Ministerio de Defensa, en el marco de la graduaci\u00f3n de estudiantes de la Jornada Escolar Extendida, correspondiente a la XXXVIII Promoci\u00f3n del Programa de Formaci\u00f3n en Valores, organizada por la Direcci\u00f3n General del Servicio Militar Voluntario, con la participaci\u00f3n del ministro de Educaci\u00f3n.<\/p>\n<p>&nbsp;<\/p>\n<p>&nbsp;<\/p>\n<p>Durante el desarrollo de la ceremonia, De Camps entreg\u00f3 una placa de reconocimiento a la estudiante distinguida Claudi Merari Tejada Lora, del Liceo Jos\u00e9 Francisco Pe\u00f1a G\u00f3mez, ubicado en el sector Los Girasoles, como parte de los homenajes a estudiantes con desempe\u00f1o acad\u00e9mico y formativo sobresaliente.<\/p>\n<p>&nbsp;<\/p>\n<p>&nbsp;<\/p>\n<p>El acto correspondi\u00f3 a la graduaci\u00f3n simult\u00e1nea de 8,304 estudiantes pertenecientes a 129 centros educativos de 23 provincias del pa\u00eds, representadas simb\u00f3licamente por sus banderines, lo que reafirma el alcance nacional del Programa de Formaci\u00f3n en Valores.<\/p>\n<p>&nbsp;<\/p>\n<p>&nbsp;<\/p>\n<p>La XXXVIII Promoci\u00f3n estuvo integrada por 3,770 voluntarios de la Zona Metropolitana, 2,186 de la Zona Norte, 1,267 de la Zona Sur y 1,081 de la Zona Este, evidenciando la amplia cobertura territorial del programa en todo el pa\u00eds.<\/p>\n<p>&nbsp;<\/p>\n<p>&nbsp;<\/p>\n<p>La actividad fue encabezada por el ministro de Defensa y cont\u00f3 con la presencia de autoridades civiles y militares, miembros del Estado Mayor General, directores de centros educativos, familiares de los graduandos e invitados especiales.<\/p>\n<p>&nbsp;<\/p>\n<p>&nbsp;<\/p>\n<p>*Direcci\u00f3n de Comunicaciones*<\/p>\n<p>&nbsp;<\/p>\n<ol>\n<li><img loading=\"lazy\" decoding=\"async\" class=\"alignnone size-medium wp-image-4940\" src=\"https:\/\/periodicolarepublica.com\/wp-content\/uploads\/2026\/01\/IMG-20260124-WA0041-e1769308927794-300x252.jpg\" alt=\"\" width=\"300\" height=\"252\" srcset=\"https:\/\/periodicolarepublica.com\/wp-content\/uploads\/2026\/01\/IMG-20260124-WA0041-e1769308927794-300x252.jpg 300w, https:\/\/periodicolarepublica.com\/wp-content\/uploads\/2026\/01\/IMG-20260124-WA0041-e1769308927794-150x126.jpg 150w, https:\/\/periodicolarepublica.com\/wp-content\/uploads\/2026\/01\/IMG-20260124-WA0041-e1769308927794-600x503.jpg 600w, https:\/\/periodicolarepublica.com\/wp-content\/uploads\/2026\/01\/IMG-20260124-WA0041-e1769308927794.jpg 662w\" sizes=\"auto, (max-width: 300px) 100vw, 300px\" \/><\/li>\n<\/ol>\n","protected":false},"excerpt":{"rendered":"<p>El ministro de Educaci\u00f3n, Luis Miguel De Camps, recibi\u00f3 un reconocimiento especial durante el acto de graduaci\u00f3n de la XXXVIII Promoci\u00f3n del Programa de Formaci\u00f3n en Valores, en m\u00e9rito a su decidido respaldo a esta iniciativa y a sus aportes al fortalecimiento del sistema educativo nacional. &nbsp; &nbsp; El reconocimiento resalta la visi\u00f3n y compromiso [&hellip;]<\/p>\n","protected":false},"author":6,"featured_media":4940,"comment_status":"open","ping_status":"open","sticky":false,"template":"","format":"standard","meta":{"om_disable_all_campaigns":false,"_monsterinsights_skip_tracking":false,"_monsterinsights_sitenote_active":false,"_monsterinsights_sitenote_note":"","_monsterinsights_sitenote_category":0,"footnotes":""},"categories":[1],"tags":[],"class_list":{"0":"post-4939","1":"post","2":"type-post","3":"status-publish","4":"format-standard","5":"has-post-thumbnail","7":"category-nacionales"},"aioseo_notices":[],"_links":{"self":[{"href":"https:\/\/periodicolarepublica.com\/index.php\/wp-json\/wp\/v2\/posts\/4939","targetHints":{"allow":["GET"]}}],"collection":[{"href":"https:\/\/periodicolarepublica.com\/index.php\/wp-json\/wp\/v2\/posts"}],"about":[{"href":"https:\/\/periodicolarepublica.com\/index.php\/wp-json\/wp\/v2\/types\/post"}],"author":[{"embeddable":true,"href":"https:\/\/periodicolarepublica.com\/index.php\/wp-json\/wp\/v2\/users\/6"}],"replies":[{"embeddable":true,"href":"https:\/\/periodicolarepublica.com\/index.php\/wp-json\/wp\/v2\/comments?post=4939"}],"version-history":[{"count":1,"href":"https:\/\/periodicolarepublica.com\/index.php\/wp-json\/wp\/v2\/posts\/4939\/revisions"}],"predecessor-version":[{"id":4941,"href":"https:\/\/periodicolarepublica.com\/index.php\/wp-json\/wp\/v2\/posts\/4939\/revisions\/4941"}],"wp:featuredmedia":[{"embeddable":true,"href":"https:\/\/periodicolarepublica.com\/index.php\/wp-json\/wp\/v2\/media\/4940"}],"wp:attachment":[{"href":"https:\/\/periodicolarepublica.com\/index.php\/wp-json\/wp\/v2\/media?parent=4939"}],"wp:term":[{"taxonomy":"category","embeddable":true,"href":"https:\/\/periodicolarepublica.com\/index.php\/wp-json\/wp\/v2\/categories?post=4939"},{"taxonomy":"post_tag","embeddable":true,"href":"https:\/\/periodicolarepublica.com\/index.php\/wp-json\/wp\/v2\/tags?post=4939"}],"curies":[{"name":"wp","href":"https:\/\/api.w.org\/{rel}","templated":true}]}}