{"id":494,"date":"2024-03-26T13:27:37","date_gmt":"2024-03-26T12:27:37","guid":{"rendered":"https:\/\/periodicolarepublica.com\/?p=494"},"modified":"2024-03-26T13:27:49","modified_gmt":"2024-03-26T12:27:49","slug":"el-ingeniero-tomas-hernandez-alberto-pronostico-la-victoria-del-presidente-luis-abinader-en-las-elecciones-con-un-65-de-apoyo","status":"publish","type":"post","link":"https:\/\/periodicolarepublica.com\/index.php\/2024\/03\/26\/el-ingeniero-tomas-hernandez-alberto-pronostico-la-victoria-del-presidente-luis-abinader-en-las-elecciones-con-un-65-de-apoyo\/","title":{"rendered":"El Ingeniero Tom\u00e1s Hern\u00e1ndez Alberto pron\u00f3stico la Victoria del presidente Luis Abinader en las elecciones con un 65 % de apoyo"},"content":{"rendered":"\r\n<p style=\"text-align: center\"><!--more--><br \/><br \/><img loading=\"lazy\" decoding=\"async\" class=\"alignnone size-medium wp-image-514\" src=\"https:\/\/periodicolarepublica.com\/wp-content\/uploads\/2024\/03\/IMG-20240202-WA0409-300x205.jpg\" alt=\"\" width=\"300\" height=\"205\" srcset=\"https:\/\/periodicolarepublica.com\/wp-content\/uploads\/2024\/03\/IMG-20240202-WA0409-300x205.jpg?v=1715379806 300w, https:\/\/periodicolarepublica.com\/wp-content\/uploads\/2024\/03\/IMG-20240202-WA0409-1024x698.jpg?v=1715379806 1024w, https:\/\/periodicolarepublica.com\/wp-content\/uploads\/2024\/03\/IMG-20240202-WA0409-768x524.jpg?v=1715379806 768w, https:\/\/periodicolarepublica.com\/wp-content\/uploads\/2024\/03\/IMG-20240202-WA0409-150x102.jpg?v=1715379806 150w, https:\/\/periodicolarepublica.com\/wp-content\/uploads\/2024\/03\/IMG-20240202-WA0409-218x150.jpg?v=1715379806 218w, https:\/\/periodicolarepublica.com\/wp-content\/uploads\/2024\/03\/IMG-20240202-WA0409-436x300.jpg?v=1715379806 436w, https:\/\/periodicolarepublica.com\/wp-content\/uploads\/2024\/03\/IMG-20240202-WA0409-600x409.jpg?v=1715379806 600w, https:\/\/periodicolarepublica.com\/wp-content\/uploads\/2024\/03\/IMG-20240202-WA0409-696x475.jpg?v=1715379806 696w, https:\/\/periodicolarepublica.com\/wp-content\/uploads\/2024\/03\/IMG-20240202-WA0409-1068x728.jpg?v=1715379806 1068w, https:\/\/periodicolarepublica.com\/wp-content\/uploads\/2024\/03\/IMG-20240202-WA0409.jpg?v=1715379806 1236w\" sizes=\"auto, (max-width: 300px) 100vw, 300px\" \/>\u00a0 \u00a0 \u00a0\u00a0<br \/>26 de Marzo 2024<br \/>Santo Domingo- En una reciente declaraci\u00f3n, el Ingeniero Tom\u00e1s Hern\u00e1ndez Alberto, presidente del Movimiento Poder PA&#8217;L Pueblo, ha expresado su pron\u00f3stico de que el presidente Luis Abinader ganar\u00e1 las elecciones con un s\u00f3lido respaldo del 65% de los votantes. El ingeniero Hern\u00e1ndez Alberto destac\u00f3 que el presidente Abinader ha demostrado un desempe\u00f1o notable y que su candidatura para las elecciones actuales es a\u00fan m\u00e1s fuerte que en el a\u00f1o 2020.<br \/><br \/>Durante una entrevista con la periodista Dania Goris en el programa TeleOpina TV, el ingeniero Hern\u00e1ndez Alberto resalt\u00f3 los logros y avances alcanzados por el presidente Abinader durante su mandato. Seg\u00fan el ingeniero Hern\u00e1ndez Alberto, el presidente Abinader ha demostrado un compromiso firme con el desarrollo del pa\u00eds, implementando pol\u00edticas y programas que han tenido un impacto positivo en la econom\u00eda, la educaci\u00f3n y otros sectores clave.<br \/><br \/>\u00abEl presidente Luis Abinader es un candidato mucho mejor en comparaci\u00f3n con el a\u00f1o 2020. Su liderazgo ha sido notable y ha logrado importantes avances en beneficio de la poblaci\u00f3n dominicana. Su compromiso con el progreso y su capacidad para tomar decisiones acertadas son evidentes en los logros que hemos presenciado durante su mandato\u00bb, afirm\u00f3 el ingeniero Hern\u00e1ndez Alberto durante la entrevista.<br \/><br \/>El Movimiento Poder PA&#8217;L Pueblo respalda firmemente la candidatura del presidente Abinader y reconoce sus esfuerzos para mejorar la calidad de vida de los dominicanos. El ingeniero Hern\u00e1ndez Alberto mencion\u00f3 que los resultados tangibles obtenidos bajo el liderazgo del presidente Abinader son un testimonio de su compromiso y capacidad para impulsar el desarrollo del pa\u00eds.<br \/><br \/>El Movimiento Poder PA&#8217;L Pueblo invita a la ciudadan\u00eda a unirse y respaldar la candidatura del presidente Luis Abinader en las elecciones, reconociendo su liderazgo y visi\u00f3n para un futuro pr\u00f3spero para la Rep\u00fablica Dominicana.<\/p>\r\n","protected":false},"excerpt":{"rendered":"","protected":false},"author":6,"featured_media":514,"comment_status":"open","ping_status":"open","sticky":false,"template":"","format":"standard","meta":{"om_disable_all_campaigns":false,"_monsterinsights_skip_tracking":false,"_monsterinsights_sitenote_active":false,"_monsterinsights_sitenote_note":"","_monsterinsights_sitenote_category":0,"footnotes":""},"categories":[1],"tags":[],"class_list":{"0":"post-494","1":"post","2":"type-post","3":"status-publish","4":"format-standard","5":"has-post-thumbnail","7":"category-nacionales"},"aioseo_notices":[],"_links":{"self":[{"href":"https:\/\/periodicolarepublica.com\/index.php\/wp-json\/wp\/v2\/posts\/494","targetHints":{"allow":["GET"]}}],"collection":[{"href":"https:\/\/periodicolarepublica.com\/index.php\/wp-json\/wp\/v2\/posts"}],"about":[{"href":"https:\/\/periodicolarepublica.com\/index.php\/wp-json\/wp\/v2\/types\/post"}],"author":[{"embeddable":true,"href":"https:\/\/periodicolarepublica.com\/index.php\/wp-json\/wp\/v2\/users\/6"}],"replies":[{"embeddable":true,"href":"https:\/\/periodicolarepublica.com\/index.php\/wp-json\/wp\/v2\/comments?post=494"}],"version-history":[{"count":3,"href":"https:\/\/periodicolarepublica.com\/index.php\/wp-json\/wp\/v2\/posts\/494\/revisions"}],"predecessor-version":[{"id":515,"href":"https:\/\/periodicolarepublica.com\/index.php\/wp-json\/wp\/v2\/posts\/494\/revisions\/515"}],"wp:featuredmedia":[{"embeddable":true,"href":"https:\/\/periodicolarepublica.com\/index.php\/wp-json\/wp\/v2\/media\/514"}],"wp:attachment":[{"href":"https:\/\/periodicolarepublica.com\/index.php\/wp-json\/wp\/v2\/media?parent=494"}],"wp:term":[{"taxonomy":"category","embeddable":true,"href":"https:\/\/periodicolarepublica.com\/index.php\/wp-json\/wp\/v2\/categories?post=494"},{"taxonomy":"post_tag","embeddable":true,"href":"https:\/\/periodicolarepublica.com\/index.php\/wp-json\/wp\/v2\/tags?post=494"}],"curies":[{"name":"wp","href":"https:\/\/api.w.org\/{rel}","templated":true}]}}