{"id":4942,"date":"2026-01-24T22:48:01","date_gmt":"2026-01-25T02:48:01","guid":{"rendered":"https:\/\/periodicolarepublica.com\/?p=4942"},"modified":"2026-01-24T22:48:01","modified_gmt":"2026-01-25T02:48:01","slug":"roberto-angel-salcedo-desarrolla-agenda-cultural-y-entrega-instrumentos-musicales-en-la-romana","status":"publish","type":"post","link":"https:\/\/periodicolarepublica.com\/index.php\/2026\/01\/24\/roberto-angel-salcedo-desarrolla-agenda-cultural-y-entrega-instrumentos-musicales-en-la-romana\/","title":{"rendered":"Roberto \u00c1ngel Salcedo desarrolla agenda cultural y entrega instrumentos musicales en La Romana"},"content":{"rendered":"<p>El Ministerio de Cultura busca fortalecer la formaci\u00f3n art\u00edstica comunitaria<\/p>\n<p>Santo Domingo.\u2013 El Ministerio de Cultura puso en marcha este s\u00e1bado 24, en La Romana, el Programa de Donaci\u00f3n de Instrumentos Musicales, una iniciativa que se desplegar\u00e1 en varias provincias del pa\u00eds, con un acto celebrado en la Aldea Cultural Santa Rosa de Lima que estuvo encabezado por el ministro Roberto \u00c1ngel Salcedo.<\/p>\n<p>El evento cont\u00f3 con la presencia del viceministro de Creatividad y Formaci\u00f3n Art\u00edstica, Amaury S\u00e1nchez; as\u00ed como de la gobernadora provincial, Ivelisse Mercedes M\u00e9ndez; el alcalde de La Romana, Eduardo Kery M\u00e9tivier; la directora de la Aldea Cultural Santa Rosa de Lima, Jeanne Marie Giraldi; gestores culturales y otros invitados, en una jornada que combin\u00f3 el componente institucional con una muestra del trabajo formativo que desarrolla el centro.<\/p>\n<p>El Ministerio de Cultura hizo entrega de instrumentos destinados a fortalecer la rondalla y los procesos de ense\u00f1anza musical en la comunidad, con el objetivo de ampliar las capacidades de formaci\u00f3n y pr\u00e1ctica art\u00edstica en espacios culturales de alcance territorial.<\/p>\n<p>&nbsp;<\/p>\n<figure id=\"attachment_4943\" aria-describedby=\"caption-attachment-4943\" style=\"width: 250px\" class=\"wp-caption alignnone\"><img loading=\"lazy\" decoding=\"async\" class=\"size-full wp-image-4943\" src=\"https:\/\/periodicolarepublica.com\/wp-content\/uploads\/2026\/01\/136.jpg\" alt=\"\" width=\"250\" height=\"193\" srcset=\"https:\/\/periodicolarepublica.com\/wp-content\/uploads\/2026\/01\/136.jpg 250w, https:\/\/periodicolarepublica.com\/wp-content\/uploads\/2026\/01\/136-150x116.jpg 150w\" sizes=\"auto, (max-width: 250px) 100vw, 250px\" \/><figcaption id=\"caption-attachment-4943\" class=\"wp-caption-text\">Ministerio de Cultura<\/figcaption><\/figure>\n","protected":false},"excerpt":{"rendered":"<p>El Ministerio de Cultura busca fortalecer la formaci\u00f3n art\u00edstica comunitaria Santo Domingo.\u2013 El Ministerio de Cultura puso en marcha este s\u00e1bado 24, en La Romana, el Programa de Donaci\u00f3n de Instrumentos Musicales, una iniciativa que se desplegar\u00e1 en varias provincias del pa\u00eds, con un acto celebrado en la Aldea Cultural Santa Rosa de Lima que [&hellip;]<\/p>\n","protected":false},"author":6,"featured_media":4943,"comment_status":"open","ping_status":"open","sticky":false,"template":"","format":"standard","meta":{"om_disable_all_campaigns":false,"_monsterinsights_skip_tracking":false,"_monsterinsights_sitenote_active":false,"_monsterinsights_sitenote_note":"","_monsterinsights_sitenote_category":0,"footnotes":""},"categories":[1],"tags":[],"class_list":{"0":"post-4942","1":"post","2":"type-post","3":"status-publish","4":"format-standard","5":"has-post-thumbnail","7":"category-nacionales"},"aioseo_notices":[],"_links":{"self":[{"href":"https:\/\/periodicolarepublica.com\/index.php\/wp-json\/wp\/v2\/posts\/4942","targetHints":{"allow":["GET"]}}],"collection":[{"href":"https:\/\/periodicolarepublica.com\/index.php\/wp-json\/wp\/v2\/posts"}],"about":[{"href":"https:\/\/periodicolarepublica.com\/index.php\/wp-json\/wp\/v2\/types\/post"}],"author":[{"embeddable":true,"href":"https:\/\/periodicolarepublica.com\/index.php\/wp-json\/wp\/v2\/users\/6"}],"replies":[{"embeddable":true,"href":"https:\/\/periodicolarepublica.com\/index.php\/wp-json\/wp\/v2\/comments?post=4942"}],"version-history":[{"count":1,"href":"https:\/\/periodicolarepublica.com\/index.php\/wp-json\/wp\/v2\/posts\/4942\/revisions"}],"predecessor-version":[{"id":4944,"href":"https:\/\/periodicolarepublica.com\/index.php\/wp-json\/wp\/v2\/posts\/4942\/revisions\/4944"}],"wp:featuredmedia":[{"embeddable":true,"href":"https:\/\/periodicolarepublica.com\/index.php\/wp-json\/wp\/v2\/media\/4943"}],"wp:attachment":[{"href":"https:\/\/periodicolarepublica.com\/index.php\/wp-json\/wp\/v2\/media?parent=4942"}],"wp:term":[{"taxonomy":"category","embeddable":true,"href":"https:\/\/periodicolarepublica.com\/index.php\/wp-json\/wp\/v2\/categories?post=4942"},{"taxonomy":"post_tag","embeddable":true,"href":"https:\/\/periodicolarepublica.com\/index.php\/wp-json\/wp\/v2\/tags?post=4942"}],"curies":[{"name":"wp","href":"https:\/\/api.w.org\/{rel}","templated":true}]}}