{"id":4945,"date":"2026-01-24T22:55:33","date_gmt":"2026-01-25T02:55:33","guid":{"rendered":"https:\/\/periodicolarepublica.com\/?p=4945"},"modified":"2026-01-24T22:55:33","modified_gmt":"2026-01-25T02:55:33","slug":"raquel-pena-encabeza-entrega-de-obras-de-salud-y-asiste-al-lanzamiento-del-plan-estrategico-de-desarrollo-sostenible-peravia-2025-2055","status":"publish","type":"post","link":"https:\/\/periodicolarepublica.com\/index.php\/2026\/01\/24\/raquel-pena-encabeza-entrega-de-obras-de-salud-y-asiste-al-lanzamiento-del-plan-estrategico-de-desarrollo-sostenible-peravia-2025-2055\/","title":{"rendered":"Raquel Pe\u00f1a encabeza entrega de obras de salud y asiste al lanzamiento del Plan Estrat\u00e9gico de Desarrollo Sostenible Peravia 2025\u20132055"},"content":{"rendered":"<p>&nbsp;<\/p>\n<p>La vicepresidenta entreg\u00f3 nuevas \u00e1reas de salud en Ban\u00ed y particip\u00f3 en la presentaci\u00f3n de la hoja de ruta que definir\u00e1 el desarrollo de Peravia hasta 2055.<\/p>\n<p>*Ban\u00ed, Peravia*. La vicepresidenta de la Rep\u00fablica, Raquel Pe\u00f1a, visit\u00f3 este s\u00e1bado la provincia Peravia, donde encabez\u00f3 la entrega de una nueva Unidad de Pie Diab\u00e9tico y de la emergencia remozada del Hospital Nuestra Se\u00f1ora de Regla, adem\u00e1s de participar en el lanzamiento del Plan Estrat\u00e9gico de Desarrollo Sostenible Peravia 2025\u20132055, una iniciativa que define la visi\u00f3n de desarrollo de la provincia para las pr\u00f3ximas tres d\u00e9cadas.<\/p>\n<p>Durante la entrega de las obras de salud, Raquel Pe\u00f1a afirm\u00f3 que estas intervenciones forman parte de la estrategia del Gobierno que encabeza el presidente Luis Abinader, orientada a fortalecer la Red P\u00fablica de Salud y a garantizar servicios oportunos y dignos en todo el territorio nacional.<\/p>\n<p>\u201cCon estos espacios podremos identificar de manera m\u00e1s temprana los factores de riesgo, intervenir antes de que las complicaciones avancen y reafirmar que la salud es un derecho que debe llegar con dignidad y esperanza a cada comunidad\u201d, expres\u00f3 la vicepresidenta.<\/p>\n<p>El director ejecutivo del Servicio Nacional de Salud (SNS), Julio C\u00e9sar Landr\u00f3n, inform\u00f3 que esta es la cuarta Unidad de Pie Diab\u00e9tico puesta en funcionamiento dentro de la Red P\u00fablica, como parte de un plan nacional que contempla la habilitaci\u00f3n de diez unidades especializadas para conformar la Red Nacional de Pie Diab\u00e9tico.<\/p>\n<p>Landr\u00f3n explic\u00f3 que la emergencia remozada dispone de \u00e1reas renovadas de admisi\u00f3n, triaje, traumashock, observaci\u00f3n con siete camas, consultorios pedi\u00e1tricos, farmacia, estaci\u00f3n de enfermer\u00eda, \u00e1reas est\u00e9riles y no est\u00e9riles, descanso m\u00e9dico y equipamiento actualizado, lo que permitir\u00e1 mejorar la atenci\u00f3n a los pacientes de la provincia.<\/p>\n<p>Asimismo, detall\u00f3 que la Unidad de Pie Diab\u00e9tico represent\u00f3 una inversi\u00f3n total de RD$31,138,896.22, distribuida entre infraestructura y equipamiento, y cuenta con consultorios especializados, sala de espera, \u00e1rea de observaci\u00f3n con cuatro camas y cub\u00edculos de curas.<\/p>\n<p>Plan Estrat\u00e9gico de Desarrollo Sostenible Peravia 2025\u20132055<\/p>\n<p>Al participar en el lanzamiento del Plan Estrat\u00e9gico, Raquel Pe\u00f1a resalt\u00f3 que este esfuerzo se alinea con la visi\u00f3n nacional de desarrollo impulsada por el presidente Luis Abinader, basada en la planificaci\u00f3n territorial y el aprovechamiento del potencial de cada provincia como motor de bienestar y crecimiento sostenido.<\/p>\n<p>Durante el acto, el senador por la provincia Peravia, Julito Fulcar, destac\u00f3 que el plan constituye una decisi\u00f3n de responsabilidad hist\u00f3rica, al proyectar el desarrollo de la provincia a 30 a\u00f1os, sustentado en la planificaci\u00f3n, el consenso social y la continuidad institucional.<\/p>\n<p>Fulcar explic\u00f3 que el instrumento fue construido mediante un amplio proceso de consulta ciudadana, que involucr\u00f3 a m\u00e1s de 7,000 participantes, 27 mesas de trabajo y m\u00e1s de 500 actores sociales, incluyendo autoridades locales, sectores productivos, comunitarios, acad\u00e9micos y representantes de la di\u00e1spora.<\/p>\n<p>El Plan Estrat\u00e9gico define una visi\u00f3n orientada a convertir a Peravia en un referente de desarrollo sostenible, integrando crecimiento econ\u00f3mico, inclusi\u00f3n social, educaci\u00f3n, innovaci\u00f3n y protecci\u00f3n ambiental, con cuatro ejes estrat\u00e9gicos que gu\u00edan su implementaci\u00f3n.<\/p>\n<p>Entre sus resultados se contemplan 54 proyectos estructurantes y 283 proyectos territoriales, orientados a la generaci\u00f3n de empleos, el fortalecimiento institucional y la mejora de la calidad de vida de la poblaci\u00f3n.<\/p>\n<p>Con estas acciones, el Gobierno dominicano reafirma su compromiso con el fortalecimiento del sistema de salud, la planificaci\u00f3n estrat\u00e9gica y el desarrollo sostenible de las provincias, colocando a la gente en el centro de las pol\u00edticas p\u00fablicas.<\/p>\n<p><img loading=\"lazy\" decoding=\"async\" class=\"alignnone size-medium wp-image-4946\" src=\"https:\/\/periodicolarepublica.com\/wp-content\/uploads\/2026\/01\/IMG-20260124-WA0045-scaled-e1769309694777-300x247.jpg\" alt=\"\" width=\"300\" height=\"247\" srcset=\"https:\/\/periodicolarepublica.com\/wp-content\/uploads\/2026\/01\/IMG-20260124-WA0045-scaled-e1769309694777-300x247.jpg 300w, https:\/\/periodicolarepublica.com\/wp-content\/uploads\/2026\/01\/IMG-20260124-WA0045-scaled-e1769309694777-1024x844.jpg 1024w, https:\/\/periodicolarepublica.com\/wp-content\/uploads\/2026\/01\/IMG-20260124-WA0045-scaled-e1769309694777-768x633.jpg 768w, https:\/\/periodicolarepublica.com\/wp-content\/uploads\/2026\/01\/IMG-20260124-WA0045-scaled-e1769309694777-150x124.jpg 150w, https:\/\/periodicolarepublica.com\/wp-content\/uploads\/2026\/01\/IMG-20260124-WA0045-scaled-e1769309694777-600x495.jpg 600w, https:\/\/periodicolarepublica.com\/wp-content\/uploads\/2026\/01\/IMG-20260124-WA0045-scaled-e1769309694777-696x574.jpg 696w, https:\/\/periodicolarepublica.com\/wp-content\/uploads\/2026\/01\/IMG-20260124-WA0045-scaled-e1769309694777-1068x881.jpg 1068w, https:\/\/periodicolarepublica.com\/wp-content\/uploads\/2026\/01\/IMG-20260124-WA0045-scaled-e1769309694777.jpg 1094w\" sizes=\"auto, (max-width: 300px) 100vw, 300px\" \/><\/p>\n","protected":false},"excerpt":{"rendered":"<p>&nbsp; La vicepresidenta entreg\u00f3 nuevas \u00e1reas de salud en Ban\u00ed y particip\u00f3 en la presentaci\u00f3n de la hoja de ruta que definir\u00e1 el desarrollo de Peravia hasta 2055. *Ban\u00ed, Peravia*. La vicepresidenta de la Rep\u00fablica, Raquel Pe\u00f1a, visit\u00f3 este s\u00e1bado la provincia Peravia, donde encabez\u00f3 la entrega de una nueva Unidad de Pie Diab\u00e9tico y [&hellip;]<\/p>\n","protected":false},"author":6,"featured_media":4946,"comment_status":"open","ping_status":"open","sticky":false,"template":"","format":"standard","meta":{"om_disable_all_campaigns":false,"_monsterinsights_skip_tracking":false,"_monsterinsights_sitenote_active":false,"_monsterinsights_sitenote_note":"","_monsterinsights_sitenote_category":0,"footnotes":""},"categories":[1],"tags":[144],"class_list":{"0":"post-4945","1":"post","2":"type-post","3":"status-publish","4":"format-standard","5":"has-post-thumbnail","7":"category-nacionales","8":"tag-raquel-pena"},"aioseo_notices":[],"_links":{"self":[{"href":"https:\/\/periodicolarepublica.com\/index.php\/wp-json\/wp\/v2\/posts\/4945","targetHints":{"allow":["GET"]}}],"collection":[{"href":"https:\/\/periodicolarepublica.com\/index.php\/wp-json\/wp\/v2\/posts"}],"about":[{"href":"https:\/\/periodicolarepublica.com\/index.php\/wp-json\/wp\/v2\/types\/post"}],"author":[{"embeddable":true,"href":"https:\/\/periodicolarepublica.com\/index.php\/wp-json\/wp\/v2\/users\/6"}],"replies":[{"embeddable":true,"href":"https:\/\/periodicolarepublica.com\/index.php\/wp-json\/wp\/v2\/comments?post=4945"}],"version-history":[{"count":1,"href":"https:\/\/periodicolarepublica.com\/index.php\/wp-json\/wp\/v2\/posts\/4945\/revisions"}],"predecessor-version":[{"id":4947,"href":"https:\/\/periodicolarepublica.com\/index.php\/wp-json\/wp\/v2\/posts\/4945\/revisions\/4947"}],"wp:featuredmedia":[{"embeddable":true,"href":"https:\/\/periodicolarepublica.com\/index.php\/wp-json\/wp\/v2\/media\/4946"}],"wp:attachment":[{"href":"https:\/\/periodicolarepublica.com\/index.php\/wp-json\/wp\/v2\/media?parent=4945"}],"wp:term":[{"taxonomy":"category","embeddable":true,"href":"https:\/\/periodicolarepublica.com\/index.php\/wp-json\/wp\/v2\/categories?post=4945"},{"taxonomy":"post_tag","embeddable":true,"href":"https:\/\/periodicolarepublica.com\/index.php\/wp-json\/wp\/v2\/tags?post=4945"}],"curies":[{"name":"wp","href":"https:\/\/api.w.org\/{rel}","templated":true}]}}