{"id":4948,"date":"2026-01-24T22:59:10","date_gmt":"2026-01-25T02:59:10","guid":{"rendered":"https:\/\/periodicolarepublica.com\/?p=4948"},"modified":"2026-01-24T22:59:10","modified_gmt":"2026-01-25T02:59:10","slug":"mopc-aclara-apertura-de-retorno-en-la-avenida-27-de-febrero-frente-al-ministerio-de-defensa","status":"publish","type":"post","link":"https:\/\/periodicolarepublica.com\/index.php\/2026\/01\/24\/mopc-aclara-apertura-de-retorno-en-la-avenida-27-de-febrero-frente-al-ministerio-de-defensa\/","title":{"rendered":"MOPC aclara apertura de retorno en la avenida 27 de febrero, frente al Ministerio de Defensa"},"content":{"rendered":"<p>&nbsp;<\/p>\n<p>El Ministerio de Obras P\u00fablicas y Comunicaciones (MOPC) informa que la apertura del nuevo retorno en la avenida 27 de febrero, frente al Ministerio de Defensa, forma parte de los trabajos que se ejecutan en el entorno de la Plaza de la Bandera, conforme al dise\u00f1o aprobado del proyecto.<\/p>\n<p>&nbsp;<\/p>\n<p>No obstante, el MOPC aclara que dicha apertura no estaba programada para realizarse en el d\u00eda de hoy, sino durante el fin de semana cuando el tr\u00e1nsito estar\u00eda reducido y los usuarios se familiarizar\u00edan con el uso del nuevo retorno. En un accionar por demostrar eficiencia y rapidez la acci\u00f3n fue ejecutada por la empresa contratista sin la debida coordinaci\u00f3n ni comunicaci\u00f3n previa con esta instituci\u00f3n e inobservando los protocolos establecidos para puesta en marcha de este tipo de intervenci\u00f3n vial.<\/p>\n<p>&nbsp;<\/p>\n<p>El Ministerio ha iniciado las acciones correspondientes para revisar esta situaci\u00f3n y garantizar que las fases restantes del proyecto se desarrollen conforme a los procedimientos t\u00e9cnicos y de comunicaci\u00f3n institucional establecidos, en coordinaci\u00f3n con las autoridades competentes.<\/p>\n<p>&nbsp;<\/p>\n<p>El MOPC ofrece disculpas a la ciudadan\u00eda por los inconvenientes que esta situaci\u00f3n haya podido ocasionar y reitera su compromiso de mantener una comunicaci\u00f3n oportuna, responsable y transparente, as\u00ed como de velar por el orden, la seguridad vial y el inter\u00e9s p\u00fablico durante la ejecuci\u00f3n de las obras que se desarrollan en esta importante zona del Distrito Nacional.<\/p>\n<p>&nbsp;<\/p>\n<p>Direcci\u00f3n de Prensa y Comunicaciones<\/p>\n<figure id=\"attachment_2908\" aria-describedby=\"caption-attachment-2908\" style=\"width: 225px\" class=\"wp-caption alignnone\"><img loading=\"lazy\" decoding=\"async\" class=\"size-full wp-image-2908\" src=\"https:\/\/periodicolarepublica.com\/wp-content\/uploads\/2025\/03\/images-12.png\" alt=\"\" width=\"225\" height=\"225\" srcset=\"https:\/\/periodicolarepublica.com\/wp-content\/uploads\/2025\/03\/images-12.png?v=1743190064 225w, https:\/\/periodicolarepublica.com\/wp-content\/uploads\/2025\/03\/images-12-150x150.png?v=1743190064 150w\" sizes=\"auto, (max-width: 225px) 100vw, 225px\" \/><figcaption id=\"caption-attachment-2908\" class=\"wp-caption-text\">MOPC<\/figcaption><\/figure>\n<p>23 enero de 2026<\/p>\n","protected":false},"excerpt":{"rendered":"<p>&nbsp; El Ministerio de Obras P\u00fablicas y Comunicaciones (MOPC) informa que la apertura del nuevo retorno en la avenida 27 de febrero, frente al Ministerio de Defensa, forma parte de los trabajos que se ejecutan en el entorno de la Plaza de la Bandera, conforme al dise\u00f1o aprobado del proyecto. &nbsp; No obstante, el MOPC [&hellip;]<\/p>\n","protected":false},"author":6,"featured_media":2908,"comment_status":"open","ping_status":"open","sticky":false,"template":"","format":"standard","meta":{"om_disable_all_campaigns":false,"_monsterinsights_skip_tracking":false,"_monsterinsights_sitenote_active":false,"_monsterinsights_sitenote_note":"","_monsterinsights_sitenote_category":0,"footnotes":""},"categories":[1],"tags":[],"class_list":{"0":"post-4948","1":"post","2":"type-post","3":"status-publish","4":"format-standard","5":"has-post-thumbnail","7":"category-nacionales"},"aioseo_notices":[],"_links":{"self":[{"href":"https:\/\/periodicolarepublica.com\/index.php\/wp-json\/wp\/v2\/posts\/4948","targetHints":{"allow":["GET"]}}],"collection":[{"href":"https:\/\/periodicolarepublica.com\/index.php\/wp-json\/wp\/v2\/posts"}],"about":[{"href":"https:\/\/periodicolarepublica.com\/index.php\/wp-json\/wp\/v2\/types\/post"}],"author":[{"embeddable":true,"href":"https:\/\/periodicolarepublica.com\/index.php\/wp-json\/wp\/v2\/users\/6"}],"replies":[{"embeddable":true,"href":"https:\/\/periodicolarepublica.com\/index.php\/wp-json\/wp\/v2\/comments?post=4948"}],"version-history":[{"count":1,"href":"https:\/\/periodicolarepublica.com\/index.php\/wp-json\/wp\/v2\/posts\/4948\/revisions"}],"predecessor-version":[{"id":4949,"href":"https:\/\/periodicolarepublica.com\/index.php\/wp-json\/wp\/v2\/posts\/4948\/revisions\/4949"}],"wp:featuredmedia":[{"embeddable":true,"href":"https:\/\/periodicolarepublica.com\/index.php\/wp-json\/wp\/v2\/media\/2908"}],"wp:attachment":[{"href":"https:\/\/periodicolarepublica.com\/index.php\/wp-json\/wp\/v2\/media?parent=4948"}],"wp:term":[{"taxonomy":"category","embeddable":true,"href":"https:\/\/periodicolarepublica.com\/index.php\/wp-json\/wp\/v2\/categories?post=4948"},{"taxonomy":"post_tag","embeddable":true,"href":"https:\/\/periodicolarepublica.com\/index.php\/wp-json\/wp\/v2\/tags?post=4948"}],"curies":[{"name":"wp","href":"https:\/\/api.w.org\/{rel}","templated":true}]}}