{"id":4956,"date":"2026-01-26T14:10:02","date_gmt":"2026-01-26T18:10:02","guid":{"rendered":"https:\/\/periodicolarepublica.com\/?p=4956"},"modified":"2026-01-26T14:10:02","modified_gmt":"2026-01-26T18:10:02","slug":"tomas-hernandez-alberto-defiende-la-gestion-de-luis-abinader-y-desmonta-el-discurso-de-leonel-fernandez-sobre-la-canasta-familiar","status":"publish","type":"post","link":"https:\/\/periodicolarepublica.com\/index.php\/2026\/01\/26\/tomas-hernandez-alberto-defiende-la-gestion-de-luis-abinader-y-desmonta-el-discurso-de-leonel-fernandez-sobre-la-canasta-familiar\/","title":{"rendered":"Tom\u00e1s Hern\u00e1ndez Alberto defiende la gesti\u00f3n de Luis Abinader y desmonta el discurso de Leonel Fern\u00e1ndez sobre la canasta familiar"},"content":{"rendered":"<p>Santo Domingo, RD. \u2014 El dirigente pol\u00edtico Tom\u00e1s Hern\u00e1ndez Alberto respondi\u00f3 de manera contundente a las declaraciones del expresidente Leonel Fern\u00e1ndez sobre el costo de la canasta familiar, destacando que nunca durante sus gobiernos se implementaron pol\u00edticas reales y sostenidas para proteger el poder adquisitivo del pueblo dominicano.<\/p>\n<p>&nbsp;<\/p>\n<p>Hern\u00e1ndez Alberto subray\u00f3 que el presidente Luis Abinader asumi\u00f3 el poder en el momento m\u00e1s dif\u00edcil de la historia reciente del pa\u00eds y del mundo, enfrentando una pandemia global, una guerra internacional, crisis en las cadenas de suministro y conflictos econ\u00f3micos mundiales, incluyendo pol\u00edticas arancelarias impuestas por Estados Unidos y otras potencias.<\/p>\n<p>&nbsp;<\/p>\n<p>\u201cA diferencia del pasado, hoy tenemos un presidente que gobierna con responsabilidad y sensibilidad social. Luis Abinader recibi\u00f3 un pa\u00eds golpeado por crisis sin precedentes y aun as\u00ed ha logrado mantener la estabilidad de los precios de la canasta b\u00e1sica, proteger a las familias dominicanas y fortalecer la econom\u00eda nacional\u201d, afirm\u00f3.<\/p>\n<p>&nbsp;<\/p>\n<p>El dirigente destac\u00f3 que, pese al complejo escenario internacional, la Rep\u00fablica Dominicana mantiene uno de los crecimientos econ\u00f3micos m\u00e1s s\u00f3lidos de la regi\u00f3n, acompa\u00f1ado de aumentos hist\u00f3ricos del salario m\u00ednimo, fortalecimiento de los programas sociales y una pol\u00edtica econ\u00f3mica orientada a la gente.<\/p>\n<p>&nbsp;<\/p>\n<p>Hern\u00e1ndez Alberto enfatiz\u00f3 que mientras en otros pa\u00edses los precios de los alimentos se han disparado de manera alarmante, en la Rep\u00fablica Dominicana el gobierno de Abinader ha actuado con medidas oportunas y responsables, garantizando abastecimiento, estabilidad y apoyo directo a los sectores m\u00e1s vulnerables.<\/p>\n<p>&nbsp;<\/p>\n<p>\u201cHoy hay un gobierno que da la cara, que protege al pueblo y que gobierna con hechos, no con discursos del pasado. Luis Abinader ha demostrado que se puede enfrentar la peor crisis global sin sacrificar a la familia dominicana\u201d, concluy\u00f3.<img loading=\"lazy\" decoding=\"async\" class=\"alignnone size-medium wp-image-4957\" src=\"https:\/\/periodicolarepublica.com\/wp-content\/uploads\/2026\/01\/SaveClip.App_486194643_9288273714543743_7013445788933192384_n-300x200.jpg\" alt=\"\" width=\"300\" height=\"200\" srcset=\"https:\/\/periodicolarepublica.com\/wp-content\/uploads\/2026\/01\/SaveClip.App_486194643_9288273714543743_7013445788933192384_n-300x200.jpg?v=1769450981 300w, https:\/\/periodicolarepublica.com\/wp-content\/uploads\/2026\/01\/SaveClip.App_486194643_9288273714543743_7013445788933192384_n-1024x683.jpg?v=1769450981 1024w, https:\/\/periodicolarepublica.com\/wp-content\/uploads\/2026\/01\/SaveClip.App_486194643_9288273714543743_7013445788933192384_n-768x512.jpg?v=1769450981 768w, https:\/\/periodicolarepublica.com\/wp-content\/uploads\/2026\/01\/SaveClip.App_486194643_9288273714543743_7013445788933192384_n-150x100.jpg?v=1769450981 150w, https:\/\/periodicolarepublica.com\/wp-content\/uploads\/2026\/01\/SaveClip.App_486194643_9288273714543743_7013445788933192384_n-600x400.jpg?v=1769450981 600w, https:\/\/periodicolarepublica.com\/wp-content\/uploads\/2026\/01\/SaveClip.App_486194643_9288273714543743_7013445788933192384_n-696x464.jpg?v=1769450981 696w, https:\/\/periodicolarepublica.com\/wp-content\/uploads\/2026\/01\/SaveClip.App_486194643_9288273714543743_7013445788933192384_n-1068x712.jpg?v=1769450981 1068w, https:\/\/periodicolarepublica.com\/wp-content\/uploads\/2026\/01\/SaveClip.App_486194643_9288273714543743_7013445788933192384_n.jpg?v=1769450981 1080w\" sizes=\"auto, (max-width: 300px) 100vw, 300px\" \/><\/p>\n","protected":false},"excerpt":{"rendered":"<p>Santo Domingo, RD. \u2014 El dirigente pol\u00edtico Tom\u00e1s Hern\u00e1ndez Alberto respondi\u00f3 de manera contundente a las declaraciones del expresidente Leonel Fern\u00e1ndez sobre el costo de la canasta familiar, destacando que nunca durante sus gobiernos se implementaron pol\u00edticas reales y sostenidas para proteger el poder adquisitivo del pueblo dominicano. &nbsp; Hern\u00e1ndez Alberto subray\u00f3 que el presidente [&hellip;]<\/p>\n","protected":false},"author":10,"featured_media":4957,"comment_status":"open","ping_status":"open","sticky":false,"template":"","format":"standard","meta":{"om_disable_all_campaigns":false,"_monsterinsights_skip_tracking":false,"_monsterinsights_sitenote_active":false,"_monsterinsights_sitenote_note":"","_monsterinsights_sitenote_category":0,"footnotes":""},"categories":[1],"tags":[163],"class_list":{"0":"post-4956","1":"post","2":"type-post","3":"status-publish","4":"format-standard","5":"has-post-thumbnail","7":"category-nacionales","8":"tag-tomas-hernandez-alberto"},"aioseo_notices":[],"_links":{"self":[{"href":"https:\/\/periodicolarepublica.com\/index.php\/wp-json\/wp\/v2\/posts\/4956","targetHints":{"allow":["GET"]}}],"collection":[{"href":"https:\/\/periodicolarepublica.com\/index.php\/wp-json\/wp\/v2\/posts"}],"about":[{"href":"https:\/\/periodicolarepublica.com\/index.php\/wp-json\/wp\/v2\/types\/post"}],"author":[{"embeddable":true,"href":"https:\/\/periodicolarepublica.com\/index.php\/wp-json\/wp\/v2\/users\/10"}],"replies":[{"embeddable":true,"href":"https:\/\/periodicolarepublica.com\/index.php\/wp-json\/wp\/v2\/comments?post=4956"}],"version-history":[{"count":1,"href":"https:\/\/periodicolarepublica.com\/index.php\/wp-json\/wp\/v2\/posts\/4956\/revisions"}],"predecessor-version":[{"id":4958,"href":"https:\/\/periodicolarepublica.com\/index.php\/wp-json\/wp\/v2\/posts\/4956\/revisions\/4958"}],"wp:featuredmedia":[{"embeddable":true,"href":"https:\/\/periodicolarepublica.com\/index.php\/wp-json\/wp\/v2\/media\/4957"}],"wp:attachment":[{"href":"https:\/\/periodicolarepublica.com\/index.php\/wp-json\/wp\/v2\/media?parent=4956"}],"wp:term":[{"taxonomy":"category","embeddable":true,"href":"https:\/\/periodicolarepublica.com\/index.php\/wp-json\/wp\/v2\/categories?post=4956"},{"taxonomy":"post_tag","embeddable":true,"href":"https:\/\/periodicolarepublica.com\/index.php\/wp-json\/wp\/v2\/tags?post=4956"}],"curies":[{"name":"wp","href":"https:\/\/api.w.org\/{rel}","templated":true}]}}