{"id":496,"date":"2024-03-26T02:53:39","date_gmt":"2024-03-26T01:53:39","guid":{"rendered":"https:\/\/periodicolarepublica.com\/?p=496"},"modified":"2024-03-26T02:53:39","modified_gmt":"2024-03-26T01:53:39","slug":"el-ministerio-de-salud-publica-destaca-la-preparacion-y-garantia-de-la-salud-del-pueblo-dominicano-durante-la-semana-santa","status":"publish","type":"post","link":"https:\/\/periodicolarepublica.com\/index.php\/2024\/03\/26\/el-ministerio-de-salud-publica-destaca-la-preparacion-y-garantia-de-la-salud-del-pueblo-dominicano-durante-la-semana-santa\/","title":{"rendered":"El Ministerio de Salud P\u00fablica destaca la preparaci\u00f3n y garant\u00eda de la salud del pueblo dominicano durante la Semana Santa"},"content":{"rendered":"\r\n<p><br \/><br \/><br \/><br \/>25 de Marzo 2024<img loading=\"lazy\" decoding=\"async\" class=\"alignnone size-medium wp-image-511\" src=\"https:\/\/periodicolarepublica.com\/wp-content\/uploads\/2024\/03\/IMG-20240325-WA0682-300x248.jpg\" alt=\"\" width=\"300\" height=\"248\" srcset=\"https:\/\/periodicolarepublica.com\/wp-content\/uploads\/2024\/03\/IMG-20240325-WA0682-300x248.jpg?v=1715379806 300w, https:\/\/periodicolarepublica.com\/wp-content\/uploads\/2024\/03\/IMG-20240325-WA0682-150x124.jpg?v=1715379806 150w, https:\/\/periodicolarepublica.com\/wp-content\/uploads\/2024\/03\/IMG-20240325-WA0682-600x497.jpg?v=1715379806 600w, https:\/\/periodicolarepublica.com\/wp-content\/uploads\/2024\/03\/IMG-20240325-WA0682-696x576.jpg?v=1715379806 696w, https:\/\/periodicolarepublica.com\/wp-content\/uploads\/2024\/03\/IMG-20240325-WA0682.jpg?v=1715379806 720w\" sizes=\"auto, (max-width: 300px) 100vw, 300px\" \/> <br \/><br \/>Santo Domingo- El Ministro de Salud P\u00fablica, V\u00edctor Atallah, ofreci\u00f3 hoy una conferencia de prensa semanal en la que resalt\u00f3 los esfuerzos del organismo para garantizar la salud y el bienestar de la poblaci\u00f3n dominicana durante la\u00a0 Semana Santa. Atallah enfatiz\u00f3 la preparaci\u00f3n del ministerio y agradeci\u00f3 el <br \/><br \/>respaldo del presidente Luis Abinader en esta importante labor. <br \/><br \/>Durante su intervenci\u00f3n, el Ministro Atallah destac\u00f3 el compromiso y la dedicaci\u00f3n del Ministerio de Salud P\u00fablica para fortalecer la capacidad de respuesta ante cualquier eventualidad durante el per\u00edodo vacacional de Semana Santa. Se\u00f1al\u00f3 que se han implementado medidas preventivas y se han reforzado los recursos humanos y materiales en los principales centros de salud del pa\u00eds. <br \/><br \/>\u00abEstamos m\u00e1s preparados que nunca para enfrentar cualquier evento que pueda surgir durante la Semana Santa\u00bb, afirm\u00f3 el Ministro Atallah. \u00abHemos trabajado arduamente para fortalecer nuestros sistemas de salud, capacitar al personal m\u00e9dico y garantizar el acceso a los servicios de atenci\u00f3n m\u00e9dica en todo el pa\u00eds\u00bb. <br \/><br \/>El Ministro Atallah tambi\u00e9n destac\u00f3 el apoyo brindado por el presidente Luis Abinader, quien ha demostrado un compromiso firme con la salud y el bienestar de los dominicanos. Agradeci\u00f3 al presidente Abinader por su liderazgo en la implementaci\u00f3n de pol\u00edticas y programas que han fortalecido el sistema de salud p\u00fablica. <br \/><br \/>\u00abLa salud del pueblo dominicano es una prioridad para el presidente Abinader, y bajo su liderazgo hemos logrado avances significativos en la mejora de la atenci\u00f3n m\u00e9dica y la prevenci\u00f3n de enfermedades\u00bb, afirm\u00f3 el Ministro Atallah. \u00abDurante esta Semana Santa, podemos asegurar a todos los dominicanos que su salud est\u00e1 garantizada\u00bb. <br \/><br \/>El Ministerio de Salud P\u00fablica insta a la poblaci\u00f3n a mantener las medidas preventivas,\u00a0 durante las celebraciones de Semana Santa. Asimismo, se recuerda la importancia de acudir a los centros de salud ante cualquier s\u00edntoma de enfermedad y seguir las recomendaciones de los profesionales m\u00e9dicos.<\/p>\r\n","protected":false},"excerpt":{"rendered":"<p>25 de Marzo 2024 Santo Domingo- El Ministro de Salud P\u00fablica, V\u00edctor Atallah, ofreci\u00f3 hoy una conferencia de prensa semanal en la que resalt\u00f3 los esfuerzos del organismo para garantizar la salud y el bienestar de la poblaci\u00f3n dominicana durante la\u00a0 Semana Santa. Atallah enfatiz\u00f3 la preparaci\u00f3n del ministerio y agradeci\u00f3 el respaldo del presidente [&hellip;]<\/p>\n","protected":false},"author":6,"featured_media":511,"comment_status":"open","ping_status":"open","sticky":false,"template":"","format":"standard","meta":{"om_disable_all_campaigns":false,"_monsterinsights_skip_tracking":false,"_monsterinsights_sitenote_active":false,"_monsterinsights_sitenote_note":"","_monsterinsights_sitenote_category":0,"footnotes":""},"categories":[1],"tags":[],"class_list":{"0":"post-496","1":"post","2":"type-post","3":"status-publish","4":"format-standard","5":"has-post-thumbnail","7":"category-nacionales"},"aioseo_notices":[],"_links":{"self":[{"href":"https:\/\/periodicolarepublica.com\/index.php\/wp-json\/wp\/v2\/posts\/496","targetHints":{"allow":["GET"]}}],"collection":[{"href":"https:\/\/periodicolarepublica.com\/index.php\/wp-json\/wp\/v2\/posts"}],"about":[{"href":"https:\/\/periodicolarepublica.com\/index.php\/wp-json\/wp\/v2\/types\/post"}],"author":[{"embeddable":true,"href":"https:\/\/periodicolarepublica.com\/index.php\/wp-json\/wp\/v2\/users\/6"}],"replies":[{"embeddable":true,"href":"https:\/\/periodicolarepublica.com\/index.php\/wp-json\/wp\/v2\/comments?post=496"}],"version-history":[{"count":3,"href":"https:\/\/periodicolarepublica.com\/index.php\/wp-json\/wp\/v2\/posts\/496\/revisions"}],"predecessor-version":[{"id":513,"href":"https:\/\/periodicolarepublica.com\/index.php\/wp-json\/wp\/v2\/posts\/496\/revisions\/513"}],"wp:featuredmedia":[{"embeddable":true,"href":"https:\/\/periodicolarepublica.com\/index.php\/wp-json\/wp\/v2\/media\/511"}],"wp:attachment":[{"href":"https:\/\/periodicolarepublica.com\/index.php\/wp-json\/wp\/v2\/media?parent=496"}],"wp:term":[{"taxonomy":"category","embeddable":true,"href":"https:\/\/periodicolarepublica.com\/index.php\/wp-json\/wp\/v2\/categories?post=496"},{"taxonomy":"post_tag","embeddable":true,"href":"https:\/\/periodicolarepublica.com\/index.php\/wp-json\/wp\/v2\/tags?post=496"}],"curies":[{"name":"wp","href":"https:\/\/api.w.org\/{rel}","templated":true}]}}