{"id":4964,"date":"2026-01-27T12:16:06","date_gmt":"2026-01-27T16:16:06","guid":{"rendered":"https:\/\/periodicolarepublica.com\/?p=4964"},"modified":"2026-01-27T12:16:06","modified_gmt":"2026-01-27T16:16:06","slug":"tomas-hernandez-alberto-y-el-rol-estrategico-del-banco-agricola-en-la-seguridad-alimentaria-nacional","status":"publish","type":"post","link":"https:\/\/periodicolarepublica.com\/index.php\/2026\/01\/27\/tomas-hernandez-alberto-y-el-rol-estrategico-del-banco-agricola-en-la-seguridad-alimentaria-nacional\/","title":{"rendered":"Tom\u00e1s Hern\u00e1ndez Alberto y el rol estrat\u00e9gico del Banco Agricola en la seguridad alimentaria nacional\u00a0"},"content":{"rendered":"<p>Por Rafael D\u00edaz Filpo La discusi\u00f3n en torno a la posible designaci\u00f3n de Tom\u00e1s Hern\u00e1ndez Alberto como Administrador General del Banco Agr\u00edcola Dominicano invita a una reflexi\u00f3n serena sobre el perfil que demanda una instituci\u00f3n clave para el desarrollo econ\u00f3mico y social del pa\u00eds. Se trata de valorar capacidades, trayectoria y visi\u00f3n estrat\u00e9gica en un sector que incide directamente en la estabilidad nacional: la producci\u00f3n agropecuaria y la seguridad alimentaria.<\/p>\n<p>&nbsp;<\/p>\n<p>El Banco Agr\u00edcola ha sido uno de los principales instrumentos financieros del Estado para garantizar el acceso al cr\u00e9dito en el sector agropecuario. Su funci\u00f3n trasciende el financiamiento ordinario, pues impacta de manera directa en la producci\u00f3n de alimentos, el sostenimiento del campo y la protecci\u00f3n de miles de peque\u00f1os y medianos productores. Desde una perspectiva constitucional, su adecuada conducci\u00f3n constituye un asunto de inter\u00e9s p\u00fablico, estrechamente vinculado al bienestar general.<\/p>\n<p>&nbsp;<\/p>\n<p>La Constituci\u00f3n dominicana impone al Estado el deber de crear condiciones que aseguren una producci\u00f3n agr\u00edcola suficiente, sostenible y accesible. En ese marco, el cr\u00e9dito agr\u00edcola, gestionado con criterio t\u00e9cnico y sensibilidad social, se convierte en una herramienta decisiva para garantizar la seguridad alimentaria y reducir desigualdades estructurales. El Banco Agr\u00edcola ocupa, por tanto, una posici\u00f3n estrat\u00e9gica dentro del modelo del Estado Social y Democr\u00e1tico de Derecho.<\/p>\n<p>&nbsp;<\/p>\n<p>Es en este contexto donde adquiere relevancia la figura de Tom\u00e1s Hern\u00e1ndez Alberto. Su trayectoria profesional ha estado ligada, en distintos escenarios institucionales y bajo diferentes administraciones p\u00fablicas, al sector agrario y a las pol\u00edticas de financiamiento productivo. A esa experiencia se suma una s\u00f3lida hoja de servicios p\u00fablicos: fue regidor del Distrito Nacional en dos per\u00edodos, desempe\u00f1ando un rol determinante en la vida municipal y siendo pieza clave para que quien suscribe estas l\u00edneas asumiera la presidencia de la Sala Capitular del Ayuntamiento del Distrito Nacional.<\/p>\n<p>&nbsp;<\/p>\n<p>Asimismo, Tom\u00e1s Hern\u00e1ndez Alberto fue diputado en el per\u00edodo 1982\u20131986 y vocero de la bancada del Partido Revolucionario Dominicano (PRD), etapa en la que se distingui\u00f3 por su firmeza institucional, su capacidad de di\u00e1logo y su apego a las reglas democr\u00e1ticas. Su ejercicio de la funci\u00f3n p\u00fablica ha estado marcado por la honestidad personal, la transparencia en el manejo de los asuntos colectivos y una conducta coherente a lo largo del tiempo.<\/p>\n<p>&nbsp;<\/p>\n<p>La eventual designaci\u00f3n de Tom\u00e1s Hern\u00e1ndez Alberto al frente del Banco Agr\u00edcola debe leerse desde una perspectiva de responsabilidad p\u00fablica. Apostar por perfiles con experiencia sectorial, conocimiento institucional y probada integridad contribuye a fortalecer la confianza en la gesti\u00f3n p\u00fablica y a reafirmar el compromiso del Estado con una administraci\u00f3n orientada al bien com\u00fan. Juez Em\u00e9rito, primer sustituto del presidente del Tribunal Constitucional de la Rep\u00fablica Dominicana<img loading=\"lazy\" decoding=\"async\" class=\"size-medium wp-image-4960 alignright\" src=\"https:\/\/periodicolarepublica.com\/wp-content\/uploads\/2026\/01\/IMG-20260127-WA0170-225x300.jpg\" alt=\"\" width=\"225\" height=\"300\" srcset=\"https:\/\/periodicolarepublica.com\/wp-content\/uploads\/2026\/01\/IMG-20260127-WA0170-225x300.jpg?v=1769524373 225w, https:\/\/periodicolarepublica.com\/wp-content\/uploads\/2026\/01\/IMG-20260127-WA0170-768x1024.jpg?v=1769524373 768w, https:\/\/periodicolarepublica.com\/wp-content\/uploads\/2026\/01\/IMG-20260127-WA0170-150x200.jpg?v=1769524373 150w, https:\/\/periodicolarepublica.com\/wp-content\/uploads\/2026\/01\/IMG-20260127-WA0170-300x400.jpg?v=1769524373 300w, https:\/\/periodicolarepublica.com\/wp-content\/uploads\/2026\/01\/IMG-20260127-WA0170-600x800.jpg?v=1769524373 600w, https:\/\/periodicolarepublica.com\/wp-content\/uploads\/2026\/01\/IMG-20260127-WA0170-696x928.jpg?v=1769524373 696w, https:\/\/periodicolarepublica.com\/wp-content\/uploads\/2026\/01\/IMG-20260127-WA0170-1068x1424.jpg?v=1769524373 1068w, https:\/\/periodicolarepublica.com\/wp-content\/uploads\/2026\/01\/IMG-20260127-WA0170.jpg?v=1769524373 1080w\" sizes=\"auto, (max-width: 225px) 100vw, 225px\" \/><\/p>\n","protected":false},"excerpt":{"rendered":"<p>Por Rafael D\u00edaz Filpo La discusi\u00f3n en torno a la posible designaci\u00f3n de Tom\u00e1s Hern\u00e1ndez Alberto como Administrador General del Banco Agr\u00edcola Dominicano invita a una reflexi\u00f3n serena sobre el perfil que demanda una instituci\u00f3n clave para el desarrollo econ\u00f3mico y social del pa\u00eds. Se trata de valorar capacidades, trayectoria y visi\u00f3n estrat\u00e9gica en un [&hellip;]<\/p>\n","protected":false},"author":10,"featured_media":4960,"comment_status":"open","ping_status":"open","sticky":false,"template":"","format":"standard","meta":{"om_disable_all_campaigns":false,"_monsterinsights_skip_tracking":false,"_monsterinsights_sitenote_active":false,"_monsterinsights_sitenote_note":"","_monsterinsights_sitenote_category":0,"footnotes":""},"categories":[1],"tags":[],"class_list":{"0":"post-4964","1":"post","2":"type-post","3":"status-publish","4":"format-standard","5":"has-post-thumbnail","7":"category-nacionales"},"aioseo_notices":[],"_links":{"self":[{"href":"https:\/\/periodicolarepublica.com\/index.php\/wp-json\/wp\/v2\/posts\/4964","targetHints":{"allow":["GET"]}}],"collection":[{"href":"https:\/\/periodicolarepublica.com\/index.php\/wp-json\/wp\/v2\/posts"}],"about":[{"href":"https:\/\/periodicolarepublica.com\/index.php\/wp-json\/wp\/v2\/types\/post"}],"author":[{"embeddable":true,"href":"https:\/\/periodicolarepublica.com\/index.php\/wp-json\/wp\/v2\/users\/10"}],"replies":[{"embeddable":true,"href":"https:\/\/periodicolarepublica.com\/index.php\/wp-json\/wp\/v2\/comments?post=4964"}],"version-history":[{"count":1,"href":"https:\/\/periodicolarepublica.com\/index.php\/wp-json\/wp\/v2\/posts\/4964\/revisions"}],"predecessor-version":[{"id":4965,"href":"https:\/\/periodicolarepublica.com\/index.php\/wp-json\/wp\/v2\/posts\/4964\/revisions\/4965"}],"wp:featuredmedia":[{"embeddable":true,"href":"https:\/\/periodicolarepublica.com\/index.php\/wp-json\/wp\/v2\/media\/4960"}],"wp:attachment":[{"href":"https:\/\/periodicolarepublica.com\/index.php\/wp-json\/wp\/v2\/media?parent=4964"}],"wp:term":[{"taxonomy":"category","embeddable":true,"href":"https:\/\/periodicolarepublica.com\/index.php\/wp-json\/wp\/v2\/categories?post=4964"},{"taxonomy":"post_tag","embeddable":true,"href":"https:\/\/periodicolarepublica.com\/index.php\/wp-json\/wp\/v2\/tags?post=4964"}],"curies":[{"name":"wp","href":"https:\/\/api.w.org\/{rel}","templated":true}]}}