{"id":500,"date":"2024-03-22T00:28:14","date_gmt":"2024-03-21T23:28:14","guid":{"rendered":"https:\/\/periodicolarepublica.com\/?p=500"},"modified":"2024-03-22T00:31:41","modified_gmt":"2024-03-21T23:31:41","slug":"betty-geronimo-se-prepara-para-el-pronto-inicio-de-su-gestion-como-alcaldesa","status":"publish","type":"post","link":"https:\/\/periodicolarepublica.com\/index.php\/2024\/03\/22\/betty-geronimo-se-prepara-para-el-pronto-inicio-de-su-gestion-como-alcaldesa\/","title":{"rendered":"Betty Ger\u00f3nimo, se prepara para el pronto inicio de su gesti\u00f3n como Alcaldesa"},"content":{"rendered":"<p><img loading=\"lazy\" decoding=\"async\" class=\"alignnone size-medium wp-image-503\" src=\"https:\/\/periodicolarepublica.com\/wp-content\/uploads\/2024\/03\/Picsart_24-03-21_19-30-09-324-300x256.jpg\" alt=\"\" width=\"300\" height=\"256\" srcset=\"https:\/\/periodicolarepublica.com\/wp-content\/uploads\/2024\/03\/Picsart_24-03-21_19-30-09-324-300x256.jpg?v=1715379807 300w, https:\/\/periodicolarepublica.com\/wp-content\/uploads\/2024\/03\/Picsart_24-03-21_19-30-09-324-1024x874.jpg?v=1715379807 1024w, https:\/\/periodicolarepublica.com\/wp-content\/uploads\/2024\/03\/Picsart_24-03-21_19-30-09-324-768x656.jpg?v=1715379807 768w, https:\/\/periodicolarepublica.com\/wp-content\/uploads\/2024\/03\/Picsart_24-03-21_19-30-09-324-1536x1312.jpg?v=1715379807 1536w, https:\/\/periodicolarepublica.com\/wp-content\/uploads\/2024\/03\/Picsart_24-03-21_19-30-09-324-150x128.jpg?v=1715379807 150w, https:\/\/periodicolarepublica.com\/wp-content\/uploads\/2024\/03\/Picsart_24-03-21_19-30-09-324-600x512.jpg?v=1715379807 600w, https:\/\/periodicolarepublica.com\/wp-content\/uploads\/2024\/03\/Picsart_24-03-21_19-30-09-324-696x594.jpg?v=1715379807 696w, https:\/\/periodicolarepublica.com\/wp-content\/uploads\/2024\/03\/Picsart_24-03-21_19-30-09-324-1392x1189.jpg?v=1715379807 1392w, https:\/\/periodicolarepublica.com\/wp-content\/uploads\/2024\/03\/Picsart_24-03-21_19-30-09-324-1068x912.jpg?v=1715379807 1068w, https:\/\/periodicolarepublica.com\/wp-content\/uploads\/2024\/03\/Picsart_24-03-21_19-30-09-324.jpg?v=1715379807 1725w\" sizes=\"auto, (max-width: 300px) 100vw, 300px\" \/><\/p>\n<p>La alcaldesa electa Betty Ger\u00f3nimo, se encuentra en plena preparaci\u00f3n para el inicio de su gesti\u00f3n, la cual promete ser de grandes cambios y mejoras para su municipio de Santo Domingo Norte. En este sentido, Ger\u00f3nimo ha compartido con el ministro de Medio Ambiente, Ceara Hatton, y representantes del Banco Interamericano de Desarrollo (BID) para dar seguimiento\u00a0 al desarrollo del cierre del vertedero Duquesa.<\/p>\n<p>El vertedero Duquesa, ubicado en las afueras de la ciudad, ha sido por a\u00f1os un problema ambiental y de salud para los residentes de la zona, pero el crecimiento de proyectos inmobiliarios y desarrollo municipal,\u00a0 demuestra la necesidad de su cierre.En este sentido, la alcaldesa electa ha manifestado su compromiso en buscar soluciones efectivas para cerrar este vertedero y encontrar alternativas sostenibles para el manejo de los desechos s\u00f3lidos en su municipio.<\/p>\n<p>Durante la reuni\u00f3n con el ministro de Medio Ambiente y representantes del BID, se discutieron diferentes estrategias para el cierre del vertedero Duquesa, as\u00ed como posibles programas de reciclaje y separaci\u00f3n de residuos. Asimismo, se plante\u00f3 la posibilidad de implementar tecnolog\u00edas y procesos m\u00e1s eficientes para el manejo de los desechos s\u00f3lidos, con el objetivo de reducir el impacto ambiental y mejorar la calidad de vida de los habitantes del municipio.<\/p>\n<p>La alcaldesa electa Betty Ger\u00f3nimo se mostr\u00f3 entusiasta y comprometida en trabajar de la mano con el Ministerio de Medio Ambiente y el BID para lograr el cierre del vertedero Duquesa y avanzar hacia una gesti\u00f3n m\u00e1s sostenible de los desechos s\u00f3lidos en su municipio. Sin duda, esta colaboraci\u00f3n interinstitucional promete traer grandes beneficios para la comunidad y el medio ambiente.<\/p>\n<p>Ger\u00f3nimo, adem\u00e1s ha estado visitando otras personalidades e instituciones, como la visita al Ministro de Obras P\u00fablicas, con miras de que pueda ejecutar proyectos desde su primer di de gesti\u00f3n.<\/p>\n","protected":false},"excerpt":{"rendered":"<p>La alcaldesa electa Betty Ger\u00f3nimo, se encuentra en plena preparaci\u00f3n para el inicio de su gesti\u00f3n, la cual promete ser de grandes cambios y mejoras para su municipio de Santo Domingo Norte. En este sentido, Ger\u00f3nimo ha compartido con el ministro de Medio Ambiente, Ceara Hatton, y representantes del Banco Interamericano de Desarrollo (BID) para [&hellip;]<\/p>\n","protected":false},"author":1,"featured_media":501,"comment_status":"open","ping_status":"open","sticky":false,"template":"","format":"standard","meta":{"om_disable_all_campaigns":false,"_monsterinsights_skip_tracking":false,"_monsterinsights_sitenote_active":false,"_monsterinsights_sitenote_note":"","_monsterinsights_sitenote_category":0,"footnotes":""},"categories":[1],"tags":[],"class_list":{"0":"post-500","1":"post","2":"type-post","3":"status-publish","4":"format-standard","5":"has-post-thumbnail","7":"category-nacionales"},"aioseo_notices":[],"_links":{"self":[{"href":"https:\/\/periodicolarepublica.com\/index.php\/wp-json\/wp\/v2\/posts\/500","targetHints":{"allow":["GET"]}}],"collection":[{"href":"https:\/\/periodicolarepublica.com\/index.php\/wp-json\/wp\/v2\/posts"}],"about":[{"href":"https:\/\/periodicolarepublica.com\/index.php\/wp-json\/wp\/v2\/types\/post"}],"author":[{"embeddable":true,"href":"https:\/\/periodicolarepublica.com\/index.php\/wp-json\/wp\/v2\/users\/1"}],"replies":[{"embeddable":true,"href":"https:\/\/periodicolarepublica.com\/index.php\/wp-json\/wp\/v2\/comments?post=500"}],"version-history":[{"count":3,"href":"https:\/\/periodicolarepublica.com\/index.php\/wp-json\/wp\/v2\/posts\/500\/revisions"}],"predecessor-version":[{"id":505,"href":"https:\/\/periodicolarepublica.com\/index.php\/wp-json\/wp\/v2\/posts\/500\/revisions\/505"}],"wp:featuredmedia":[{"embeddable":true,"href":"https:\/\/periodicolarepublica.com\/index.php\/wp-json\/wp\/v2\/media\/501"}],"wp:attachment":[{"href":"https:\/\/periodicolarepublica.com\/index.php\/wp-json\/wp\/v2\/media?parent=500"}],"wp:term":[{"taxonomy":"category","embeddable":true,"href":"https:\/\/periodicolarepublica.com\/index.php\/wp-json\/wp\/v2\/categories?post=500"},{"taxonomy":"post_tag","embeddable":true,"href":"https:\/\/periodicolarepublica.com\/index.php\/wp-json\/wp\/v2\/tags?post=500"}],"curies":[{"name":"wp","href":"https:\/\/api.w.org\/{rel}","templated":true}]}}