{"id":506,"date":"2024-03-22T17:52:59","date_gmt":"2024-03-22T16:52:59","guid":{"rendered":"https:\/\/periodicolarepublica.com\/?p=506"},"modified":"2024-03-22T17:52:59","modified_gmt":"2024-03-22T16:52:59","slug":"yadira-henriquez-encabezara-marcha-de-mujeres-en-apoyo-a-4-anos-mas-de-luis-abinader","status":"publish","type":"post","link":"https:\/\/periodicolarepublica.com\/index.php\/2024\/03\/22\/yadira-henriquez-encabezara-marcha-de-mujeres-en-apoyo-a-4-anos-mas-de-luis-abinader\/","title":{"rendered":"Yadira Henr\u00edquez encabezara marcha de mujeres en apoyo a 4 a\u00f1os mas de Luis Abinader"},"content":{"rendered":"<p><img loading=\"lazy\" decoding=\"async\" class=\"alignnone size-medium wp-image-507\" src=\"https:\/\/periodicolarepublica.com\/wp-content\/uploads\/2024\/03\/Picsart_24-03-22_12-35-56-498-300x198.jpg\" alt=\"\" width=\"300\" height=\"198\" srcset=\"https:\/\/periodicolarepublica.com\/wp-content\/uploads\/2024\/03\/Picsart_24-03-22_12-35-56-498-300x198.jpg?v=1715379806 300w, https:\/\/periodicolarepublica.com\/wp-content\/uploads\/2024\/03\/Picsart_24-03-22_12-35-56-498-1024x676.jpg?v=1715379806 1024w, https:\/\/periodicolarepublica.com\/wp-content\/uploads\/2024\/03\/Picsart_24-03-22_12-35-56-498-768x507.jpg?v=1715379806 768w, https:\/\/periodicolarepublica.com\/wp-content\/uploads\/2024\/03\/Picsart_24-03-22_12-35-56-498-1536x1013.jpg?v=1715379806 1536w, https:\/\/periodicolarepublica.com\/wp-content\/uploads\/2024\/03\/Picsart_24-03-22_12-35-56-498-2048x1351.jpg?v=1715379806 2048w, https:\/\/periodicolarepublica.com\/wp-content\/uploads\/2024\/03\/Picsart_24-03-22_12-35-56-498-150x99.jpg?v=1715379806 150w, https:\/\/periodicolarepublica.com\/wp-content\/uploads\/2024\/03\/Picsart_24-03-22_12-35-56-498-600x396.jpg?v=1715379806 600w, https:\/\/periodicolarepublica.com\/wp-content\/uploads\/2024\/03\/Picsart_24-03-22_12-35-56-498-696x459.jpg?v=1715379806 696w, https:\/\/periodicolarepublica.com\/wp-content\/uploads\/2024\/03\/Picsart_24-03-22_12-35-56-498-1392x918.jpg?v=1715379806 1392w, https:\/\/periodicolarepublica.com\/wp-content\/uploads\/2024\/03\/Picsart_24-03-22_12-35-56-498-1068x705.jpg?v=1715379806 1068w, https:\/\/periodicolarepublica.com\/wp-content\/uploads\/2024\/03\/Picsart_24-03-22_12-35-56-498-1920x1267.jpg?v=1715379806 1920w\" sizes=\"auto, (max-width: 300px) 100vw, 300px\" \/><\/p>\n<p>Yadira Henr\u00edquez, junto a otras l\u00edderes pol\u00edticas del Partido Revolucionario Moderno (PRM), estar\u00e1n encabezando una marcha de mujeres, como apoyo a la reelecci\u00f3n del Luis Abinader por 4 a\u00f1os mas.<\/p>\n<p>Henr\u00edquez, quien en la actualidad es la presidenta del Frente de Mujeres Modernas, ha estado motivando a las mujeres\u00a0 que vayan en masas, a participar en marcha, ndic\u00f3 que las mujeres del pa\u00eds, buscando as\u00ed demostrar el apoyo al actual presidente del pa\u00eds y candidato a la presidencia por 4 a\u00f1os mas, y que este se pueda coronar con el triunfo en una primera vuelta en las elecciones venideras.<\/p>\n<p>La marcha se ha convocado, para las 2:00 de la tarde del S\u00e1bado 23 de Marzo en las inmediaciones de la Pedro Livio Cede\u00f1o con Ave Duarte, en Santo Domingo.<\/p>\n","protected":false},"excerpt":{"rendered":"<p>Yadira Henr\u00edquez, junto a otras l\u00edderes pol\u00edticas del Partido Revolucionario Moderno (PRM), estar\u00e1n encabezando una marcha de mujeres, como apoyo a la reelecci\u00f3n del Luis Abinader por 4 a\u00f1os mas. Henr\u00edquez, quien en la actualidad es la presidenta del Frente de Mujeres Modernas, ha estado motivando a las mujeres\u00a0 que vayan en masas, a participar [&hellip;]<\/p>\n","protected":false},"author":1,"featured_media":507,"comment_status":"open","ping_status":"open","sticky":false,"template":"","format":"standard","meta":{"om_disable_all_campaigns":false,"_monsterinsights_skip_tracking":false,"_monsterinsights_sitenote_active":false,"_monsterinsights_sitenote_note":"","_monsterinsights_sitenote_category":0,"footnotes":""},"categories":[127],"tags":[85,149,148,147],"class_list":{"0":"post-506","1":"post","2":"type-post","3":"status-publish","4":"format-standard","5":"has-post-thumbnail","7":"category-politica","8":"tag-luis-abinader","9":"tag-marcha","10":"tag-plan-social","11":"tag-yadira-henriquez"},"aioseo_notices":[],"_links":{"self":[{"href":"https:\/\/periodicolarepublica.com\/index.php\/wp-json\/wp\/v2\/posts\/506","targetHints":{"allow":["GET"]}}],"collection":[{"href":"https:\/\/periodicolarepublica.com\/index.php\/wp-json\/wp\/v2\/posts"}],"about":[{"href":"https:\/\/periodicolarepublica.com\/index.php\/wp-json\/wp\/v2\/types\/post"}],"author":[{"embeddable":true,"href":"https:\/\/periodicolarepublica.com\/index.php\/wp-json\/wp\/v2\/users\/1"}],"replies":[{"embeddable":true,"href":"https:\/\/periodicolarepublica.com\/index.php\/wp-json\/wp\/v2\/comments?post=506"}],"version-history":[{"count":1,"href":"https:\/\/periodicolarepublica.com\/index.php\/wp-json\/wp\/v2\/posts\/506\/revisions"}],"predecessor-version":[{"id":508,"href":"https:\/\/periodicolarepublica.com\/index.php\/wp-json\/wp\/v2\/posts\/506\/revisions\/508"}],"wp:featuredmedia":[{"embeddable":true,"href":"https:\/\/periodicolarepublica.com\/index.php\/wp-json\/wp\/v2\/media\/507"}],"wp:attachment":[{"href":"https:\/\/periodicolarepublica.com\/index.php\/wp-json\/wp\/v2\/media?parent=506"}],"wp:term":[{"taxonomy":"category","embeddable":true,"href":"https:\/\/periodicolarepublica.com\/index.php\/wp-json\/wp\/v2\/categories?post=506"},{"taxonomy":"post_tag","embeddable":true,"href":"https:\/\/periodicolarepublica.com\/index.php\/wp-json\/wp\/v2\/tags?post=506"}],"curies":[{"name":"wp","href":"https:\/\/api.w.org\/{rel}","templated":true}]}}