{"id":510,"date":"2024-03-28T14:54:05","date_gmt":"2024-03-28T13:54:05","guid":{"rendered":"https:\/\/periodicolarepublica.com\/?p=510"},"modified":"2024-03-28T14:54:05","modified_gmt":"2024-03-28T13:54:05","slug":"el-ministro-de-salud-publica-el-dr-victor-atallah-lidera-esfuerzos-para-brindar-atencion-medica-durante-la-semana-santa-a-los-dominicanos-y-turistas","status":"publish","type":"post","link":"https:\/\/periodicolarepublica.com\/index.php\/2024\/03\/28\/el-ministro-de-salud-publica-el-dr-victor-atallah-lidera-esfuerzos-para-brindar-atencion-medica-durante-la-semana-santa-a-los-dominicanos-y-turistas\/","title":{"rendered":"El Ministro de Salud P\u00fablica el Dr. V\u00edctor Atallah,  lidera esfuerzos para brindar atenci\u00f3n m\u00e9dica durante la Semana Santa a los dominicanos y turistas"},"content":{"rendered":"\r\n<p><img loading=\"lazy\" decoding=\"async\" class=\"alignnone size-medium wp-image-534\" src=\"https:\/\/periodicolarepublica.com\/wp-content\/uploads\/2024\/03\/IMG-20240328-WA0167-300x204.jpg\" alt=\"\" width=\"300\" height=\"204\" srcset=\"https:\/\/periodicolarepublica.com\/wp-content\/uploads\/2024\/03\/IMG-20240328-WA0167-300x204.jpg?v=1715379802 300w, https:\/\/periodicolarepublica.com\/wp-content\/uploads\/2024\/03\/IMG-20240328-WA0167-150x102.jpg?v=1715379802 150w, https:\/\/periodicolarepublica.com\/wp-content\/uploads\/2024\/03\/IMG-20240328-WA0167-600x409.jpg?v=1715379802 600w, https:\/\/periodicolarepublica.com\/wp-content\/uploads\/2024\/03\/IMG-20240328-WA0167-696x474.jpg?v=1715379802 696w, https:\/\/periodicolarepublica.com\/wp-content\/uploads\/2024\/03\/IMG-20240328-WA0167.jpg?v=1715379802 718w\" sizes=\"auto, (max-width: 300px) 100vw, 300px\" \/><br \/><br \/>28 de marzo de 2024 <br \/><br \/>El Ministro de Salud P\u00fablica, el Dr. V\u00edctor Atallah, lidera esfuerzos para brindar atenci\u00f3n m\u00e9dica durante la Semana Santa a los dominicanos y turistas <br \/><br \/>Santo Domingo- El Ministerio de Salud P\u00fablica, se complace en anunciar que, bajo la direcci\u00f3n del Ministro de Salud P\u00fablica, el Dr. V\u00edctor Atallah, se ha puesto en marcha un esfuerzo integral para garantizar la atenci\u00f3n m\u00e9dica durante la celebraci\u00f3n de la Semana Santa tanto para los ciudadanos dominicanos como para los visitantes extranjeros. <br \/><br \/>En l\u00ednea con el compromiso del gobierno dominicano de salvaguardar la salud de todos los ciudadanos y promover el bienestar de los turistas, el Ministro de Salud P\u00fablica ha implementado una serie de medidas para garantizar la disponibilidad de servicios de salud durante este per\u00edodo. <br \/><br \/>Como parte de estas iniciativas, se ha iniciado la entrega de kits de salud en diferentes partes del pa\u00eds, gracias a la intervenci\u00f3n directa del Presidente de la Rep\u00fablica, el Sr. Luis Abinader. Estos kits de salud contienen suministros m\u00e9dicos esenciales y recursos informativos que contribuir\u00e1n a la prevenci\u00f3n y atenci\u00f3n de enfermedades comunes durante la temporada de Semana Santa. <br \/><br \/>El Ministro de Salud P\u00fablica, el Dr. V\u00edctor Atallah, expres\u00f3 su compromiso inquebrantable de garantizar el bienestar de todos los ciudadanos y visitantes durante este per\u00edodo festivo. El Dr. Atallah afirm\u00f3: \u00abLa salud y el bienestar de nuestra poblaci\u00f3n son nuestra m\u00e1xima prioridad. Estamos trabajando arduamente para brindar servicios de salud accesibles y de calidad a todos los dominicanos y turistas que nos visiten durante la Semana Santa\u00bb. <br \/><br \/>El Ministerio de Salud P\u00fablica ha coordinado estrechamente con otras instituciones gubernamentales, autoridades locales y el sector privado para garantizar una respuesta integral y efectiva en caso de cualquier emergencia m\u00e9dica durante este per\u00edodo.<\/p>\r\n","protected":false},"excerpt":{"rendered":"<p>28 de marzo de 2024 El Ministro de Salud P\u00fablica, el Dr. V\u00edctor Atallah, lidera esfuerzos para brindar atenci\u00f3n m\u00e9dica durante la Semana Santa a los dominicanos y turistas Santo Domingo- El Ministerio de Salud P\u00fablica, se complace en anunciar que, bajo la direcci\u00f3n del Ministro de Salud P\u00fablica, el Dr. V\u00edctor Atallah, se ha [&hellip;]<\/p>\n","protected":false},"author":6,"featured_media":534,"comment_status":"open","ping_status":"open","sticky":false,"template":"","format":"standard","meta":{"om_disable_all_campaigns":false,"_monsterinsights_skip_tracking":false,"_monsterinsights_sitenote_active":false,"_monsterinsights_sitenote_note":"","_monsterinsights_sitenote_category":0,"footnotes":""},"categories":[1],"tags":[],"class_list":{"0":"post-510","1":"post","2":"type-post","3":"status-publish","4":"format-standard","5":"has-post-thumbnail","7":"category-nacionales"},"aioseo_notices":[],"_links":{"self":[{"href":"https:\/\/periodicolarepublica.com\/index.php\/wp-json\/wp\/v2\/posts\/510","targetHints":{"allow":["GET"]}}],"collection":[{"href":"https:\/\/periodicolarepublica.com\/index.php\/wp-json\/wp\/v2\/posts"}],"about":[{"href":"https:\/\/periodicolarepublica.com\/index.php\/wp-json\/wp\/v2\/types\/post"}],"author":[{"embeddable":true,"href":"https:\/\/periodicolarepublica.com\/index.php\/wp-json\/wp\/v2\/users\/6"}],"replies":[{"embeddable":true,"href":"https:\/\/periodicolarepublica.com\/index.php\/wp-json\/wp\/v2\/comments?post=510"}],"version-history":[{"count":2,"href":"https:\/\/periodicolarepublica.com\/index.php\/wp-json\/wp\/v2\/posts\/510\/revisions"}],"predecessor-version":[{"id":535,"href":"https:\/\/periodicolarepublica.com\/index.php\/wp-json\/wp\/v2\/posts\/510\/revisions\/535"}],"wp:featuredmedia":[{"embeddable":true,"href":"https:\/\/periodicolarepublica.com\/index.php\/wp-json\/wp\/v2\/media\/534"}],"wp:attachment":[{"href":"https:\/\/periodicolarepublica.com\/index.php\/wp-json\/wp\/v2\/media?parent=510"}],"wp:term":[{"taxonomy":"category","embeddable":true,"href":"https:\/\/periodicolarepublica.com\/index.php\/wp-json\/wp\/v2\/categories?post=510"},{"taxonomy":"post_tag","embeddable":true,"href":"https:\/\/periodicolarepublica.com\/index.php\/wp-json\/wp\/v2\/tags?post=510"}],"curies":[{"name":"wp","href":"https:\/\/api.w.org\/{rel}","templated":true}]}}