{"id":516,"date":"2024-03-26T18:20:48","date_gmt":"2024-03-26T17:20:48","guid":{"rendered":"https:\/\/periodicolarepublica.com\/?p=516"},"modified":"2024-03-26T18:25:25","modified_gmt":"2024-03-26T17:25:25","slug":"yadira-henriquez-con-el-plan-social-brindaran-apoyo-voluntarios-semana-santadicen","status":"publish","type":"post","link":"https:\/\/periodicolarepublica.com\/index.php\/2024\/03\/26\/yadira-henriquez-con-el-plan-social-brindaran-apoyo-voluntarios-semana-santadicen\/","title":{"rendered":"Yadira Henr\u00edquez con el Plan Social, brindar\u00e1n apoyo voluntarios Semana Santadicen"},"content":{"rendered":"<p><img loading=\"lazy\" decoding=\"async\" class=\"alignnone size-medium wp-image-523\" src=\"https:\/\/periodicolarepublica.com\/wp-content\/uploads\/2024\/03\/Picsart_24-03-26_11-51-12-407-4-300x190.jpg\" alt=\"\" width=\"300\" height=\"190\" srcset=\"https:\/\/periodicolarepublica.com\/wp-content\/uploads\/2024\/03\/Picsart_24-03-26_11-51-12-407-4-300x190.jpg?v=1715379804 300w, https:\/\/periodicolarepublica.com\/wp-content\/uploads\/2024\/03\/Picsart_24-03-26_11-51-12-407-4-1024x647.jpg?v=1715379804 1024w, https:\/\/periodicolarepublica.com\/wp-content\/uploads\/2024\/03\/Picsart_24-03-26_11-51-12-407-4-768x486.jpg?v=1715379804 768w, https:\/\/periodicolarepublica.com\/wp-content\/uploads\/2024\/03\/Picsart_24-03-26_11-51-12-407-4-1536x971.jpg?v=1715379804 1536w, https:\/\/periodicolarepublica.com\/wp-content\/uploads\/2024\/03\/Picsart_24-03-26_11-51-12-407-4-2048x1295.jpg?v=1715379804 2048w, https:\/\/periodicolarepublica.com\/wp-content\/uploads\/2024\/03\/Picsart_24-03-26_11-51-12-407-4-150x95.jpg?v=1715379804 150w, https:\/\/periodicolarepublica.com\/wp-content\/uploads\/2024\/03\/Picsart_24-03-26_11-51-12-407-4-600x379.jpg?v=1715379804 600w, https:\/\/periodicolarepublica.com\/wp-content\/uploads\/2024\/03\/Picsart_24-03-26_11-51-12-407-4-696x440.jpg?v=1715379804 696w, https:\/\/periodicolarepublica.com\/wp-content\/uploads\/2024\/03\/Picsart_24-03-26_11-51-12-407-4-1392x880.jpg?v=1715379804 1392w, https:\/\/periodicolarepublica.com\/wp-content\/uploads\/2024\/03\/Picsart_24-03-26_11-51-12-407-4-1068x675.jpg?v=1715379804 1068w\" sizes=\"auto, (max-width: 300px) 100vw, 300px\" \/><\/p>\n<p>El presidente de la Rep\u00fablica, Luis Abinader, anunci\u00f3 el operativo de Semana Santa 2024, junto a las diferentes instituciones castrenses, cuerpo del orden, las entidades de Salud P\u00fablica, Intrant y otros como el Plan Social, quien es dirigido\u00a0 por Yadira Henr\u00edquez. Esta ultima entidad y su directora establecieron brindar apoyo a los\u00a0 49,723 personas, entre brigadistas, m\u00e9dicos, param\u00e9dicos, militares, especialistas en b\u00fasqueda, policias y personal de rescate en carreteras y playas a nivel nacional desde este jueves 28 de marzo y que estos puedan contar con recursos necesarios, en lo que ejercen su labor.<\/p>\n<p>Se ha denominado \u201cConciencia por la Vida 2024\u201d, esta Semana Mayor de acuerdo al anuncio el presidente Luis Abinader desde el encuentro de\u00a0 La Semanal con la Prensa en el Palacio Nacional.<\/p>\n","protected":false},"excerpt":{"rendered":"<p>El presidente de la Rep\u00fablica, Luis Abinader, anunci\u00f3 el operativo de Semana Santa 2024, junto a las diferentes instituciones castrenses, cuerpo del orden, las entidades de Salud P\u00fablica, Intrant y otros como el Plan Social, quien es dirigido\u00a0 por Yadira Henr\u00edquez. Esta ultima entidad y su directora establecieron brindar apoyo a los\u00a0 49,723 personas, entre [&hellip;]<\/p>\n","protected":false},"author":1,"featured_media":523,"comment_status":"open","ping_status":"open","sticky":false,"template":"","format":"standard","meta":{"om_disable_all_campaigns":false,"_monsterinsights_skip_tracking":false,"_monsterinsights_sitenote_active":false,"_monsterinsights_sitenote_note":"","_monsterinsights_sitenote_category":0,"footnotes":""},"categories":[1],"tags":[],"class_list":{"0":"post-516","1":"post","2":"type-post","3":"status-publish","4":"format-standard","5":"has-post-thumbnail","7":"category-nacionales"},"aioseo_notices":[],"_links":{"self":[{"href":"https:\/\/periodicolarepublica.com\/index.php\/wp-json\/wp\/v2\/posts\/516","targetHints":{"allow":["GET"]}}],"collection":[{"href":"https:\/\/periodicolarepublica.com\/index.php\/wp-json\/wp\/v2\/posts"}],"about":[{"href":"https:\/\/periodicolarepublica.com\/index.php\/wp-json\/wp\/v2\/types\/post"}],"author":[{"embeddable":true,"href":"https:\/\/periodicolarepublica.com\/index.php\/wp-json\/wp\/v2\/users\/1"}],"replies":[{"embeddable":true,"href":"https:\/\/periodicolarepublica.com\/index.php\/wp-json\/wp\/v2\/comments?post=516"}],"version-history":[{"count":3,"href":"https:\/\/periodicolarepublica.com\/index.php\/wp-json\/wp\/v2\/posts\/516\/revisions"}],"predecessor-version":[{"id":524,"href":"https:\/\/periodicolarepublica.com\/index.php\/wp-json\/wp\/v2\/posts\/516\/revisions\/524"}],"wp:featuredmedia":[{"embeddable":true,"href":"https:\/\/periodicolarepublica.com\/index.php\/wp-json\/wp\/v2\/media\/523"}],"wp:attachment":[{"href":"https:\/\/periodicolarepublica.com\/index.php\/wp-json\/wp\/v2\/media?parent=516"}],"wp:term":[{"taxonomy":"category","embeddable":true,"href":"https:\/\/periodicolarepublica.com\/index.php\/wp-json\/wp\/v2\/categories?post=516"},{"taxonomy":"post_tag","embeddable":true,"href":"https:\/\/periodicolarepublica.com\/index.php\/wp-json\/wp\/v2\/tags?post=516"}],"curies":[{"name":"wp","href":"https:\/\/api.w.org\/{rel}","templated":true}]}}