{"id":5326,"date":"2026-03-04T14:08:26","date_gmt":"2026-03-04T18:08:26","guid":{"rendered":"https:\/\/periodicolarepublica.com\/?p=5326"},"modified":"2026-03-04T14:08:26","modified_gmt":"2026-03-04T18:08:26","slug":"departamento-aeroportuario-y-armada-acuerdan-apoyo-en-situaciones-de-riesgo","status":"publish","type":"post","link":"https:\/\/periodicolarepublica.com\/index.php\/2026\/03\/04\/departamento-aeroportuario-y-armada-acuerdan-apoyo-en-situaciones-de-riesgo\/","title":{"rendered":"Departamento Aeroportuario y Armada acuerdan apoyo en situaciones de riesgo"},"content":{"rendered":"<p>Santo Domingo. &#8211; El Departamento Aeroportuario (DA) y la Armada de la Rep\u00fablica Dominicana (ARD), suscribieron hoy un acuerdo de colaboraci\u00f3n que busca fortalecer la protecci\u00f3n de las actividades aeroportuarias, as\u00ed como ofrecer apoyo ante situaciones de riesgos que afecten los servicios de los aeropuertos y helipuertos, entre otras acciones orientadas a la optimizaci\u00f3n de recursos humanos.<\/p>\n<p>&nbsp;<\/p>\n<p>El acuerdo interinstitucional fue rubricado entre el director ejecutivo del DA, V\u00edctor Pichardo, y el vicealmirante Juan Bienvenido Cris\u00f3stomo Mart\u00ednez, comandante general de la Armada, durante encuentro en la sede central de la primera instituci\u00f3n, donde, adem\u00e1s, se resalt\u00f3 la importancia de la iniciativa como v\u00eda para desarrollar programas en \u00e1reas administrativas y estrat\u00e9gicas.<\/p>\n<p>&nbsp;<\/p>\n<p>\u201cEste acuerdo interinstitucional se constituye en un elemento fundamental tanto para la conectividad del pa\u00eds, como para la visi\u00f3n conjunta de ambas instituciones, sobre todo al tomar en cuenta las ejecutorias del presidente de la Rep\u00fablica, Luis Abiander, quien ha convertido el turismo dominicano en un eje fundamental para la econom\u00eda y la marca pa\u00eds\u201d, expres\u00f3 Pichardo.<\/p>\n<p>&nbsp;<\/p>\n<p>Prometi\u00f3 realizar grandes esfuerzos, a trav\u00e9s de este acuerdo, para que la instituci\u00f3n que dirige pueda construir varios helipuertos y helipad (plataforma para helic\u00f3pteros), en diferentes \u00e1reas donde la Armada lo requiera, como forma de que se constituyan en piezas fundamentales para la seguridad nacional. \u201cVean en nosotros un aliado para que la Armada sea m\u00e1s fuerte\u201d, dijo.<\/p>\n<p>&nbsp;<\/p>\n<p>Mientras que el vicealmirante Cris\u00f3stomo Mart\u00ednez expres\u00f3 que como instituci\u00f3n naval rectora y encargada de la seguridad y la defensa de la parte mar\u00edtima del pa\u00eds, est\u00e1n en la plena disposici\u00f3n de respaldar al Departamento Aeroportuario en lo que sea necesario, al tiempo que resalt\u00f3 el valor que representa la instalaci\u00f3n de helipad y helipuertos en algunas dependencias de esa instituci\u00f3n.<\/p>\n<p>&nbsp;<\/p>\n<p>\u201cPara nosotros es un honor estar aqu\u00ed en esta instituci\u00f3n que se ha convertido en un referente de trabajo en el pa\u00eds. Podemos decir que hemos avanzado, y es importante\u201d, expres\u00f3 al indicar que los helipuertos y helipad no solo ser\u00e1n \u00fatiles para la seguridad y defensa nacional, sino tambi\u00e9n para dar respuesta a cualquier requerimiento de emergencia que se presente.<\/p>\n<p>&nbsp;<\/p>\n<p>*Seguridad y defensa*<\/p>\n<p>&nbsp;<\/p>\n<p>Conforme al convenio, la ARD se compromete a colaborar con la seguridad y defensa de los recintos aeroportuarios y sus v\u00edas de acceso, aportando militares en el patrullaje preventivo.<\/p>\n<p>&nbsp;<\/p>\n<p>Adem\u00e1s, apoyar los planes de seguridad establecidos en los aeropuertos y helipuertos operados por el Departamento Aeroportuario.<\/p>\n<p>Mientras que el DA se comprometi\u00f3 contribuir con la construcci\u00f3n y remozamiento de helipads en las bases y destacamentos de la ARD, en todo el territorio nacional, as\u00ed como el apoyo t\u00e9cnico de capacitaci\u00f3n aeroportuaria y financiero a sus miembros.<\/p>\n<p>&nbsp;<\/p>\n<p>En el acto estuvieron presentes por el DA, el director jur\u00eddico Jorge Leandro Santana, la directora de Planificaci\u00f3n y Desarrollo, Mar\u00eda del Carmen M\u00e8ndez, y el director de Proyectos Aeroportuario, Christiern Broberg.<\/p>\n<p>&nbsp;<\/p>\n<p>El vicealmirante estuvo acompa\u00f1ado del capit\u00e1n del capit\u00e1n de nav\u00edo Randy Ezekiel Vegazo Fanith, director del Cuerpo Jur\u00eddico; y el capit\u00e1n de nav\u00edo Antonio de Jes\u00fas M\u00e8ndez Arias, jefe de la Divisi\u00f3n de Relaciones P\u00fablicas.<\/p>\n<p>&nbsp;<\/p>\n<p>*PIE DE FOTO*<\/p>\n<p>&nbsp;<\/p>\n<p>Director ejecutivo del DA, V\u00edctor Pichardo, y el vicealmirante Juan Bienvenido Cris\u00f3stomo Mart\u00ednez, durante la firma del acuerdo.<\/p>\n<p>&nbsp;<\/p>\n<p>*Direcci\u00f3n de Comunicaciones Departamento Aeroportuario*<\/p>\n<p><img loading=\"lazy\" decoding=\"async\" class=\"alignnone size-medium wp-image-5327\" src=\"https:\/\/periodicolarepublica.com\/wp-content\/uploads\/2026\/03\/IMG-20260304-WA0030-e1772647662912-300x251.jpg\" alt=\"\" width=\"300\" height=\"251\" srcset=\"https:\/\/periodicolarepublica.com\/wp-content\/uploads\/2026\/03\/IMG-20260304-WA0030-e1772647662912-300x251.jpg 300w, https:\/\/periodicolarepublica.com\/wp-content\/uploads\/2026\/03\/IMG-20260304-WA0030-e1772647662912-1024x856.jpg 1024w, https:\/\/periodicolarepublica.com\/wp-content\/uploads\/2026\/03\/IMG-20260304-WA0030-e1772647662912-768x642.jpg 768w, https:\/\/periodicolarepublica.com\/wp-content\/uploads\/2026\/03\/IMG-20260304-WA0030-e1772647662912-150x125.jpg 150w, https:\/\/periodicolarepublica.com\/wp-content\/uploads\/2026\/03\/IMG-20260304-WA0030-e1772647662912-600x502.jpg 600w, https:\/\/periodicolarepublica.com\/wp-content\/uploads\/2026\/03\/IMG-20260304-WA0030-e1772647662912-696x582.jpg 696w, https:\/\/periodicolarepublica.com\/wp-content\/uploads\/2026\/03\/IMG-20260304-WA0030-e1772647662912-1068x893.jpg 1068w, https:\/\/periodicolarepublica.com\/wp-content\/uploads\/2026\/03\/IMG-20260304-WA0030-e1772647662912.jpg 1213w\" sizes=\"auto, (max-width: 300px) 100vw, 300px\" \/><\/p>\n","protected":false},"excerpt":{"rendered":"<p>Santo Domingo. &#8211; El Departamento Aeroportuario (DA) y la Armada de la Rep\u00fablica Dominicana (ARD), suscribieron hoy un acuerdo de colaboraci\u00f3n que busca fortalecer la protecci\u00f3n de las actividades aeroportuarias, as\u00ed como ofrecer apoyo ante situaciones de riesgos que afecten los servicios de los aeropuertos y helipuertos, entre otras acciones orientadas a la optimizaci\u00f3n de [&hellip;]<\/p>\n","protected":false},"author":6,"featured_media":5327,"comment_status":"open","ping_status":"open","sticky":false,"template":"","format":"standard","meta":{"om_disable_all_campaigns":false,"_monsterinsights_skip_tracking":false,"_monsterinsights_sitenote_active":false,"_monsterinsights_sitenote_note":"","_monsterinsights_sitenote_category":0,"footnotes":""},"categories":[1],"tags":[],"class_list":{"0":"post-5326","1":"post","2":"type-post","3":"status-publish","4":"format-standard","5":"has-post-thumbnail","7":"category-nacionales"},"aioseo_notices":[],"_links":{"self":[{"href":"https:\/\/periodicolarepublica.com\/index.php\/wp-json\/wp\/v2\/posts\/5326","targetHints":{"allow":["GET"]}}],"collection":[{"href":"https:\/\/periodicolarepublica.com\/index.php\/wp-json\/wp\/v2\/posts"}],"about":[{"href":"https:\/\/periodicolarepublica.com\/index.php\/wp-json\/wp\/v2\/types\/post"}],"author":[{"embeddable":true,"href":"https:\/\/periodicolarepublica.com\/index.php\/wp-json\/wp\/v2\/users\/6"}],"replies":[{"embeddable":true,"href":"https:\/\/periodicolarepublica.com\/index.php\/wp-json\/wp\/v2\/comments?post=5326"}],"version-history":[{"count":1,"href":"https:\/\/periodicolarepublica.com\/index.php\/wp-json\/wp\/v2\/posts\/5326\/revisions"}],"predecessor-version":[{"id":5328,"href":"https:\/\/periodicolarepublica.com\/index.php\/wp-json\/wp\/v2\/posts\/5326\/revisions\/5328"}],"wp:featuredmedia":[{"embeddable":true,"href":"https:\/\/periodicolarepublica.com\/index.php\/wp-json\/wp\/v2\/media\/5327"}],"wp:attachment":[{"href":"https:\/\/periodicolarepublica.com\/index.php\/wp-json\/wp\/v2\/media?parent=5326"}],"wp:term":[{"taxonomy":"category","embeddable":true,"href":"https:\/\/periodicolarepublica.com\/index.php\/wp-json\/wp\/v2\/categories?post=5326"},{"taxonomy":"post_tag","embeddable":true,"href":"https:\/\/periodicolarepublica.com\/index.php\/wp-json\/wp\/v2\/tags?post=5326"}],"curies":[{"name":"wp","href":"https:\/\/api.w.org\/{rel}","templated":true}]}}