{"id":5329,"date":"2026-03-04T14:27:42","date_gmt":"2026-03-04T18:27:42","guid":{"rendered":"https:\/\/periodicolarepublica.com\/?p=5329"},"modified":"2026-03-04T14:27:42","modified_gmt":"2026-03-04T18:27:42","slug":"ministerio-de-salud-mantiene-despliegue-sanitario-en-gaspar-hernandez-tras-desbordamiento-del-rio-joba","status":"publish","type":"post","link":"https:\/\/periodicolarepublica.com\/index.php\/2026\/03\/04\/ministerio-de-salud-mantiene-despliegue-sanitario-en-gaspar-hernandez-tras-desbordamiento-del-rio-joba\/","title":{"rendered":"*Ministerio de Salud mantiene despliegue sanitario en Gaspar Hern\u00e1ndez tras desbordamiento del r\u00edo Joba*"},"content":{"rendered":"<p>*Espaillat, Gaspar Hern\u00e1ndez. \u2013* El Ministerio de Salud P\u00fablica, a trav\u00e9s de la Direcci\u00f3n Provincial de Salud (DPS) de Espaillat, mantiene activas y fortalecidas las acciones sanitarias en el municipio de Gaspar Hern\u00e1ndez, luego del desbordamiento del r\u00edo Joba provocado por las lluvias del pasado 24 de febrero.<\/p>\n<p>&nbsp;<\/p>\n<p>Como parte de la respuesta en curso, las autoridades de salud contin\u00faan garantizando la vigilancia epidemiol\u00f3gica activa en las comunidades impactadas, con notificaci\u00f3n diaria obligatoria de eventos prioritarios, a fin de prevenir brotes de enfermedades asociadas a inundaciones y asegurar una intervenci\u00f3n oportuna ante cualquier eventualidad.<\/p>\n<p>&nbsp;<\/p>\n<p>En conjunto con las autoridades municipales, se realiz\u00f3 un levantamiento en los Centros del Primer Nivel (CPN) de Nuevo Renacer en Villa Progreso; en Batey Ginebra, Veragua; Felix Garc\u00eda en Joba Arriba y Monte la Yagua en Villa Magante, los cuales fueron afectados en su estructura.<\/p>\n<p>&nbsp;<\/p>\n<p>Entre los da\u00f1os ocurridos se encuentran signos de inundaci\u00f3n lo que afect\u00f3 medicamentos, infraestructura, documentaci\u00f3n estad\u00edstica e insumos y equipos m\u00e9dicos.<\/p>\n<p>&nbsp;<\/p>\n<p>De igual manera, se ha priorizado la continuidad de los servicios de salud, asegurando el reabastecimiento de medicamentos esenciales e insumos m\u00e9dicos para mantener la atenci\u00f3n a la poblaci\u00f3n. Paralelamente, equipos t\u00e9cnicos y brigadas m\u00e9dicas m\u00f3viles se mantienen desplegados en sectores vulnerables y zonas que permanecen con dificultades de acceso, ofreciendo consultas, seguimiento a pacientes cr\u00f3nicos y atenci\u00f3n a grupos prioritarios como ni\u00f1os, adultos mayores y embarazadas.<\/p>\n<p>&nbsp;<\/p>\n<p>Las intervenciones sanitarias tambi\u00e9n abarcan los albergues habilitados para familias desplazadas, donde se desarrollan acciones preventivas y de control sanitario. En el territorio se ejecutan jornadas de eliminaci\u00f3n de criaderos, fumigaci\u00f3n y control de roedores, acompa\u00f1adas de un monitoreo permanente de las condiciones ambientales para reducir riesgos de enfermedades transmitidas por vectores.<\/p>\n<p>&nbsp;<\/p>\n<p>De igual manera, el personal t\u00e9cnico contin\u00faa con la vigilancia y saneamiento del agua potable, incluyendo la instalaci\u00f3n de clorificadores y la distribuci\u00f3n de pastillas potabilizadoras en las comunidades que presentan afectaciones en el sistema de abastecimiento. Estas medidas se complementan con jornadas de educaci\u00f3n sanitaria comunitaria, orientadas a promover pr\u00e1cticas de higiene y prevenci\u00f3n en los hogares.<\/p>\n<p>&nbsp;<\/p>\n<p>Asimismo, el Ministerio de Salud desarrolla jornadas de vacunaci\u00f3n preventiva conforme al esquema nacional, operativos de desparasitaci\u00f3n comunitaria y la administraci\u00f3n de profilaxis para leptospirosis en poblaciones de riesgo, as\u00ed como profilaxis antitet\u00e1nica en personas con heridas, como parte del protocolo establecido para este tipo de eventos.<\/p>\n<p>&nbsp;<\/p>\n<p>Todas estas acciones se ejecutan en coordinaci\u00f3n con el Comit\u00e9 Provincial de Prevenci\u00f3n, Mitigaci\u00f3n y Respuesta (PMR) y dem\u00e1s organismos de intervenci\u00f3n, garantizando una gesti\u00f3n log\u00edstica organizada y una distribuci\u00f3n equitativa de insumos. De forma simult\u00e1nea, se mantiene el monitoreo epidemiol\u00f3gico post-evento y la elaboraci\u00f3n de informes t\u00e9cnicos al nivel central para asegurar el seguimiento continuo de la situaci\u00f3n sanitaria.<img loading=\"lazy\" decoding=\"async\" class=\"alignnone size-medium wp-image-5330\" src=\"https:\/\/periodicolarepublica.com\/wp-content\/uploads\/2026\/03\/IMG-20260304-WA0416-300x225.jpg\" alt=\"\" width=\"300\" height=\"225\" srcset=\"https:\/\/periodicolarepublica.com\/wp-content\/uploads\/2026\/03\/IMG-20260304-WA0416-300x225.jpg?v=1772648853 300w, https:\/\/periodicolarepublica.com\/wp-content\/uploads\/2026\/03\/IMG-20260304-WA0416-1024x768.jpg?v=1772648853 1024w, https:\/\/periodicolarepublica.com\/wp-content\/uploads\/2026\/03\/IMG-20260304-WA0416-768x576.jpg?v=1772648853 768w, https:\/\/periodicolarepublica.com\/wp-content\/uploads\/2026\/03\/IMG-20260304-WA0416-150x113.jpg?v=1772648853 150w, https:\/\/periodicolarepublica.com\/wp-content\/uploads\/2026\/03\/IMG-20260304-WA0416-600x450.jpg?v=1772648853 600w, https:\/\/periodicolarepublica.com\/wp-content\/uploads\/2026\/03\/IMG-20260304-WA0416-696x522.jpg?v=1772648853 696w, https:\/\/periodicolarepublica.com\/wp-content\/uploads\/2026\/03\/IMG-20260304-WA0416-1068x801.jpg?v=1772648853 1068w, https:\/\/periodicolarepublica.com\/wp-content\/uploads\/2026\/03\/IMG-20260304-WA0416-265x198.jpg?v=1772648853 265w, https:\/\/periodicolarepublica.com\/wp-content\/uploads\/2026\/03\/IMG-20260304-WA0416-530x396.jpg?v=1772648853 530w, https:\/\/periodicolarepublica.com\/wp-content\/uploads\/2026\/03\/IMG-20260304-WA0416.jpg?v=1772648853 1280w\" sizes=\"auto, (max-width: 300px) 100vw, 300px\" \/><\/p>\n","protected":false},"excerpt":{"rendered":"<p>*Espaillat, Gaspar Hern\u00e1ndez. \u2013* El Ministerio de Salud P\u00fablica, a trav\u00e9s de la Direcci\u00f3n Provincial de Salud (DPS) de Espaillat, mantiene activas y fortalecidas las acciones sanitarias en el municipio de Gaspar Hern\u00e1ndez, luego del desbordamiento del r\u00edo Joba provocado por las lluvias del pasado 24 de febrero. &nbsp; Como parte de la respuesta en [&hellip;]<\/p>\n","protected":false},"author":10,"featured_media":5330,"comment_status":"open","ping_status":"open","sticky":false,"template":"","format":"standard","meta":{"om_disable_all_campaigns":false,"_monsterinsights_skip_tracking":false,"_monsterinsights_sitenote_active":false,"_monsterinsights_sitenote_note":"","_monsterinsights_sitenote_category":0,"footnotes":""},"categories":[1],"tags":[],"class_list":{"0":"post-5329","1":"post","2":"type-post","3":"status-publish","4":"format-standard","5":"has-post-thumbnail","7":"category-nacionales"},"aioseo_notices":[],"_links":{"self":[{"href":"https:\/\/periodicolarepublica.com\/index.php\/wp-json\/wp\/v2\/posts\/5329","targetHints":{"allow":["GET"]}}],"collection":[{"href":"https:\/\/periodicolarepublica.com\/index.php\/wp-json\/wp\/v2\/posts"}],"about":[{"href":"https:\/\/periodicolarepublica.com\/index.php\/wp-json\/wp\/v2\/types\/post"}],"author":[{"embeddable":true,"href":"https:\/\/periodicolarepublica.com\/index.php\/wp-json\/wp\/v2\/users\/10"}],"replies":[{"embeddable":true,"href":"https:\/\/periodicolarepublica.com\/index.php\/wp-json\/wp\/v2\/comments?post=5329"}],"version-history":[{"count":1,"href":"https:\/\/periodicolarepublica.com\/index.php\/wp-json\/wp\/v2\/posts\/5329\/revisions"}],"predecessor-version":[{"id":5331,"href":"https:\/\/periodicolarepublica.com\/index.php\/wp-json\/wp\/v2\/posts\/5329\/revisions\/5331"}],"wp:featuredmedia":[{"embeddable":true,"href":"https:\/\/periodicolarepublica.com\/index.php\/wp-json\/wp\/v2\/media\/5330"}],"wp:attachment":[{"href":"https:\/\/periodicolarepublica.com\/index.php\/wp-json\/wp\/v2\/media?parent=5329"}],"wp:term":[{"taxonomy":"category","embeddable":true,"href":"https:\/\/periodicolarepublica.com\/index.php\/wp-json\/wp\/v2\/categories?post=5329"},{"taxonomy":"post_tag","embeddable":true,"href":"https:\/\/periodicolarepublica.com\/index.php\/wp-json\/wp\/v2\/tags?post=5329"}],"curies":[{"name":"wp","href":"https:\/\/api.w.org\/{rel}","templated":true}]}}