{"id":533,"date":"2024-03-28T15:18:42","date_gmt":"2024-03-28T14:18:42","guid":{"rendered":"https:\/\/periodicolarepublica.com\/?p=533"},"modified":"2024-03-28T15:18:42","modified_gmt":"2024-03-28T14:18:42","slug":"el-presidente-luis-abinader-asegura-la-proteccion-de-los-vacacionistas-durante-la-semana-santa-con-un-operativo-sin-precedentes","status":"publish","type":"post","link":"https:\/\/periodicolarepublica.com\/index.php\/2024\/03\/28\/el-presidente-luis-abinader-asegura-la-proteccion-de-los-vacacionistas-durante-la-semana-santa-con-un-operativo-sin-precedentes\/","title":{"rendered":"El presidente Luis Abinader asegura la protecci\u00f3n de los vacacionistas durante la Semana Santa con un operativo sin precedentes"},"content":{"rendered":"\r\n<p><img loading=\"lazy\" decoding=\"async\" class=\"alignnone size-medium wp-image-514\" src=\"https:\/\/periodicolarepublica.com\/wp-content\/uploads\/2024\/03\/IMG-20240202-WA0409-300x205.jpg\" alt=\"\" width=\"300\" height=\"205\" srcset=\"https:\/\/periodicolarepublica.com\/wp-content\/uploads\/2024\/03\/IMG-20240202-WA0409-300x205.jpg?v=1715379806 300w, https:\/\/periodicolarepublica.com\/wp-content\/uploads\/2024\/03\/IMG-20240202-WA0409-1024x698.jpg?v=1715379806 1024w, https:\/\/periodicolarepublica.com\/wp-content\/uploads\/2024\/03\/IMG-20240202-WA0409-768x524.jpg?v=1715379806 768w, https:\/\/periodicolarepublica.com\/wp-content\/uploads\/2024\/03\/IMG-20240202-WA0409-150x102.jpg?v=1715379806 150w, https:\/\/periodicolarepublica.com\/wp-content\/uploads\/2024\/03\/IMG-20240202-WA0409-218x150.jpg?v=1715379806 218w, https:\/\/periodicolarepublica.com\/wp-content\/uploads\/2024\/03\/IMG-20240202-WA0409-436x300.jpg?v=1715379806 436w, https:\/\/periodicolarepublica.com\/wp-content\/uploads\/2024\/03\/IMG-20240202-WA0409-600x409.jpg?v=1715379806 600w, https:\/\/periodicolarepublica.com\/wp-content\/uploads\/2024\/03\/IMG-20240202-WA0409-696x475.jpg?v=1715379806 696w, https:\/\/periodicolarepublica.com\/wp-content\/uploads\/2024\/03\/IMG-20240202-WA0409-1068x728.jpg?v=1715379806 1068w, https:\/\/periodicolarepublica.com\/wp-content\/uploads\/2024\/03\/IMG-20240202-WA0409.jpg?v=1715379806 1236w\" sizes=\"auto, (max-width: 300px) 100vw, 300px\" \/>28 de Marzo 2024 <br \/><br \/>Santo Domingo- El ingeniero Tom\u00e1s Hern\u00e1ndez Alberto, Presidente\u00a0 del Movimiento Poder PA&#8217;L Pueblo.\u00a0 Gobierno, anunci\u00f3 hoy que el presidente de la Rep\u00fablica Dominicana, Luis Abinader, ha implementado un operativo de seguridad integral para garantizar la protecci\u00f3n y salvaguarda de todos los ciudadanos y turistas que disfrutar\u00e1n de la Semana Santa en el pa\u00eds. <br \/><br \/>Consciente de la importancia de esta festividad y el flujo masivo de personas que se desplazar\u00e1n hacia diferentes destinos tur\u00edsticos, el presidente Abinader ha puesto en marcha el operativo m\u00e1s amplio en la historia del pa\u00eds, en el que participan activamente todas las instituciones del Estado dominicano. <br \/><br \/>Bajo la coordinaci\u00f3n del Ministerio de Salud P\u00fablica,\u00a0 Turismo y el Ministerio de Interior y Polic\u00eda, el operativo abarcar\u00e1 una amplia gama de medidas preventivas y de seguridad para garantizar la tranquilidad y el bienestar de los vacacionistas. Entre las acciones destacadas se encuentran: <br \/><br \/>1. Reforzamiento de la seguridad en carreteras y principales v\u00edas de acceso a los destinos tur\u00edsticos.<br \/>2. Incremento de la presencia policial y militar en \u00e1reas tur\u00edsticas y zonas de mayor afluencia.<br \/>3. Establecimiento de puestos de control y vigilancia en puntos estrat\u00e9gicos.<br \/>4. Implementaci\u00f3n de medidas de seguridad en playas, r\u00edos y balnearios.<br \/>5. Coordinaci\u00f3n con los cuerpos de emergencia y servicios de salud para una respuesta efectiva ante cualquier eventualidad.<br \/>6. Campa\u00f1as de concienciaci\u00f3n y educaci\u00f3n sobre medidas de seguridad vial y prevenci\u00f3n de accidentes. <br \/><br \/>El presidente Abinader ha expresado su compromiso inquebrantable con la seguridad y el bienestar de todos los dominicanos y visitantes, y ha instruido a las instituciones pertinentes a redoblar esfuerzos para garantizar el \u00e9xito de este operativo. <br \/><br \/>El ingeniero Tom\u00e1s Hern\u00e1ndez Alberto enfatiz\u00f3 que el Gobierno dominicano est\u00e1 plenamente preparado para enfrentar cualquier situaci\u00f3n que pueda surgir durante esta Semana Santa, y que se ha dispuesto de todos los recursos necesarios para brindar una respuesta r\u00e1pida y efectiva ante cualquier eventualidad. <br \/><br \/>Se insta a todos los ciudadanos y turistas a seguir las instrucciones de las autoridades, respetar las normas de seguridad y actuar de manera responsable durante esta temporada vacacional.<\/p>\r\n","protected":false},"excerpt":{"rendered":"<p>28 de Marzo 2024 Santo Domingo- El ingeniero Tom\u00e1s Hern\u00e1ndez Alberto, Presidente\u00a0 del Movimiento Poder PA&#8217;L Pueblo.\u00a0 Gobierno, anunci\u00f3 hoy que el presidente de la Rep\u00fablica Dominicana, Luis Abinader, ha implementado un operativo de seguridad integral para garantizar la protecci\u00f3n y salvaguarda de todos los ciudadanos y turistas que disfrutar\u00e1n de la Semana Santa en [&hellip;]<\/p>\n","protected":false},"author":6,"featured_media":514,"comment_status":"open","ping_status":"open","sticky":false,"template":"","format":"standard","meta":{"om_disable_all_campaigns":false,"_monsterinsights_skip_tracking":false,"_monsterinsights_sitenote_active":false,"_monsterinsights_sitenote_note":"","_monsterinsights_sitenote_category":0,"footnotes":""},"categories":[1],"tags":[],"class_list":{"0":"post-533","1":"post","2":"type-post","3":"status-publish","4":"format-standard","5":"has-post-thumbnail","7":"category-nacionales"},"aioseo_notices":[],"_links":{"self":[{"href":"https:\/\/periodicolarepublica.com\/index.php\/wp-json\/wp\/v2\/posts\/533","targetHints":{"allow":["GET"]}}],"collection":[{"href":"https:\/\/periodicolarepublica.com\/index.php\/wp-json\/wp\/v2\/posts"}],"about":[{"href":"https:\/\/periodicolarepublica.com\/index.php\/wp-json\/wp\/v2\/types\/post"}],"author":[{"embeddable":true,"href":"https:\/\/periodicolarepublica.com\/index.php\/wp-json\/wp\/v2\/users\/6"}],"replies":[{"embeddable":true,"href":"https:\/\/periodicolarepublica.com\/index.php\/wp-json\/wp\/v2\/comments?post=533"}],"version-history":[{"count":2,"href":"https:\/\/periodicolarepublica.com\/index.php\/wp-json\/wp\/v2\/posts\/533\/revisions"}],"predecessor-version":[{"id":538,"href":"https:\/\/periodicolarepublica.com\/index.php\/wp-json\/wp\/v2\/posts\/533\/revisions\/538"}],"wp:featuredmedia":[{"embeddable":true,"href":"https:\/\/periodicolarepublica.com\/index.php\/wp-json\/wp\/v2\/media\/514"}],"wp:attachment":[{"href":"https:\/\/periodicolarepublica.com\/index.php\/wp-json\/wp\/v2\/media?parent=533"}],"wp:term":[{"taxonomy":"category","embeddable":true,"href":"https:\/\/periodicolarepublica.com\/index.php\/wp-json\/wp\/v2\/categories?post=533"},{"taxonomy":"post_tag","embeddable":true,"href":"https:\/\/periodicolarepublica.com\/index.php\/wp-json\/wp\/v2\/tags?post=533"}],"curies":[{"name":"wp","href":"https:\/\/api.w.org\/{rel}","templated":true}]}}