{"id":5332,"date":"2026-03-04T14:56:54","date_gmt":"2026-03-04T18:56:54","guid":{"rendered":"https:\/\/periodicolarepublica.com\/?p=5332"},"modified":"2026-03-04T14:56:54","modified_gmt":"2026-03-04T18:56:54","slug":"tribunal-impone-medida-de-coercion-a-ciudadano-encontrado-realizando-conexion-ilegal-en-perjuicio-de-edeeste","status":"publish","type":"post","link":"https:\/\/periodicolarepublica.com\/index.php\/2026\/03\/04\/tribunal-impone-medida-de-coercion-a-ciudadano-encontrado-realizando-conexion-ilegal-en-perjuicio-de-edeeste\/","title":{"rendered":"*Tribunal impone medida de coerci\u00f3n a ciudadano encontrado realizando conexi\u00f3n ilegal en perjuicio de Edeeste*"},"content":{"rendered":"<p>La Altagracia. \u2013 La Oficina Judicial de Servicio de Atenci\u00f3n Permanente del Distrito Judicial La Altagracia impuso medida de coerci\u00f3n consistente en presentaci\u00f3n peri\u00f3dica en contra de un ciudadano encontrado en fraglante por agentes policiales realizando una conexi\u00f3n ilegal en una residencial del sector El Tamarindo, municipio San Rafael del Yuma de la provincia La Altagracia.<\/p>\n<p>&nbsp;<\/p>\n<p>Seg\u00fan describe la resoluci\u00f3n emitida por el tribunal, el imputado identificado como Joan Manuel Abreu Mart\u00ednez fue sorprendido manipulando las redes el\u00e9ctricas de una residencia, sin autorizaci\u00f3n de Edeeste ni de la Superintendencia de Electricidad (SIE).<\/p>\n<p>&nbsp;<\/p>\n<p>En ese mismo orden, el documento indica que, la inquilina del inmueble se encontraba a fuera de la residencia acompa\u00f1ando al se\u00f1or Abreu Mart\u00ednez, a los fines de realizar conexiones irregulares, lo que fue confirmado por el acusado al se\u00f1alar que la misma le llam\u00f3 v\u00eda telef\u00f3nica para ejecutar la conexi\u00f3n ilegal.<\/p>\n<p>&nbsp;<\/p>\n<p>Al momento del apresamiento, adem\u00e1s de la escalera de metal, el se\u00f1or Joan Manuel Abreu Mart\u00ednez portaba una soga de color azul y pintas negras de aproximadamente seis pies, un destornillador, un alicate de metal, una llave ajustable, un probador el\u00e9ctrico de metal y color transparente, un tester color amarillos.<\/p>\n<p>&nbsp;<\/p>\n<p>EDEEste indic\u00f3 que el fraude el\u00e9ctrico es un delito penal que genera consecuencias judiciales y que ser\u00e1 perseguido con firmeza. La empresa advirti\u00f3 que la responsabilidad no recae \u00fanicamente sobre quien manipula f\u00edsicamente las redes: tambi\u00e9n incurre en delito quien solicita, facilita o permite la conexi\u00f3n irregular en su propiedad. Tan responsable es quien ejecuta la intervenci\u00f3n como quien la consiente o se beneficia de ella.<\/p>\n<p>&nbsp;<\/p>\n<p>La solicitud de medida de coerci\u00f3n fue presentada por el licenciado Roberto Encarnaci\u00f3n, procurador General de Corte, en representaci\u00f3n de la procuradora del Sistema El\u00e9ctrico, licenciada Martha Idalia Florentino, mientras que la distribuidora estuvo representada por dos abogados.<\/p>\n<p>&nbsp;<\/p>\n<p>Edeeste reiter\u00f3 su compromiso con el fortalecimiento de sus mecanismos de control y su actuaci\u00f3n dentro del marco legal, para proteger los recursos del sistema el\u00e9ctrico nacional, al tiempo de hacer un llamado a los usuarios irregulares a regularizar su situaci\u00f3n energ\u00e9tica y evitar pr\u00e1cticas ilegales que conllevan consecuencias penales y econ\u00f3micas.<\/p>\n<p>&nbsp;<\/p>\n<p>Por \u00faltimo, Edeeste aprovech\u00f3 para recordar que el fraude el\u00e9ctrico en detrimento del sistema el\u00e9ctrico nacional est\u00e1 tipificado como delito en la Ley General de Electricidad y en el C\u00f3digo Penal Dominicano. Resalta que su combate es esencial para asegurar la sostenibilidad del servicio y la equidad en el pago del consumo.<\/p>\n<p><img loading=\"lazy\" decoding=\"async\" class=\"alignnone size-medium wp-image-5333\" src=\"https:\/\/periodicolarepublica.com\/wp-content\/uploads\/2026\/03\/IMG-20260304-WA0455-300x200.jpg\" alt=\"\" width=\"300\" height=\"200\" srcset=\"https:\/\/periodicolarepublica.com\/wp-content\/uploads\/2026\/03\/IMG-20260304-WA0455-300x200.jpg?v=1772650609 300w, https:\/\/periodicolarepublica.com\/wp-content\/uploads\/2026\/03\/IMG-20260304-WA0455-1024x682.jpg?v=1772650609 1024w, https:\/\/periodicolarepublica.com\/wp-content\/uploads\/2026\/03\/IMG-20260304-WA0455-768x512.jpg?v=1772650609 768w, https:\/\/periodicolarepublica.com\/wp-content\/uploads\/2026\/03\/IMG-20260304-WA0455-1536x1023.jpg?v=1772650609 1536w, https:\/\/periodicolarepublica.com\/wp-content\/uploads\/2026\/03\/IMG-20260304-WA0455-150x100.jpg?v=1772650609 150w, https:\/\/periodicolarepublica.com\/wp-content\/uploads\/2026\/03\/IMG-20260304-WA0455-600x400.jpg?v=1772650609 600w, https:\/\/periodicolarepublica.com\/wp-content\/uploads\/2026\/03\/IMG-20260304-WA0455-696x464.jpg?v=1772650609 696w, https:\/\/periodicolarepublica.com\/wp-content\/uploads\/2026\/03\/IMG-20260304-WA0455-1392x927.jpg?v=1772650609 1392w, https:\/\/periodicolarepublica.com\/wp-content\/uploads\/2026\/03\/IMG-20260304-WA0455-1068x712.jpg?v=1772650609 1068w, https:\/\/periodicolarepublica.com\/wp-content\/uploads\/2026\/03\/IMG-20260304-WA0455.jpg?v=1772650609 1600w\" sizes=\"auto, (max-width: 300px) 100vw, 300px\" \/><\/p>\n","protected":false},"excerpt":{"rendered":"<p>La Altagracia. \u2013 La Oficina Judicial de Servicio de Atenci\u00f3n Permanente del Distrito Judicial La Altagracia impuso medida de coerci\u00f3n consistente en presentaci\u00f3n peri\u00f3dica en contra de un ciudadano encontrado en fraglante por agentes policiales realizando una conexi\u00f3n ilegal en una residencial del sector El Tamarindo, municipio San Rafael del Yuma de la provincia La [&hellip;]<\/p>\n","protected":false},"author":10,"featured_media":5333,"comment_status":"open","ping_status":"open","sticky":false,"template":"","format":"standard","meta":{"om_disable_all_campaigns":false,"_monsterinsights_skip_tracking":false,"_monsterinsights_sitenote_active":false,"_monsterinsights_sitenote_note":"","_monsterinsights_sitenote_category":0,"footnotes":""},"categories":[1],"tags":[],"class_list":{"0":"post-5332","1":"post","2":"type-post","3":"status-publish","4":"format-standard","5":"has-post-thumbnail","7":"category-nacionales"},"aioseo_notices":[],"_links":{"self":[{"href":"https:\/\/periodicolarepublica.com\/index.php\/wp-json\/wp\/v2\/posts\/5332","targetHints":{"allow":["GET"]}}],"collection":[{"href":"https:\/\/periodicolarepublica.com\/index.php\/wp-json\/wp\/v2\/posts"}],"about":[{"href":"https:\/\/periodicolarepublica.com\/index.php\/wp-json\/wp\/v2\/types\/post"}],"author":[{"embeddable":true,"href":"https:\/\/periodicolarepublica.com\/index.php\/wp-json\/wp\/v2\/users\/10"}],"replies":[{"embeddable":true,"href":"https:\/\/periodicolarepublica.com\/index.php\/wp-json\/wp\/v2\/comments?post=5332"}],"version-history":[{"count":1,"href":"https:\/\/periodicolarepublica.com\/index.php\/wp-json\/wp\/v2\/posts\/5332\/revisions"}],"predecessor-version":[{"id":5334,"href":"https:\/\/periodicolarepublica.com\/index.php\/wp-json\/wp\/v2\/posts\/5332\/revisions\/5334"}],"wp:featuredmedia":[{"embeddable":true,"href":"https:\/\/periodicolarepublica.com\/index.php\/wp-json\/wp\/v2\/media\/5333"}],"wp:attachment":[{"href":"https:\/\/periodicolarepublica.com\/index.php\/wp-json\/wp\/v2\/media?parent=5332"}],"wp:term":[{"taxonomy":"category","embeddable":true,"href":"https:\/\/periodicolarepublica.com\/index.php\/wp-json\/wp\/v2\/categories?post=5332"},{"taxonomy":"post_tag","embeddable":true,"href":"https:\/\/periodicolarepublica.com\/index.php\/wp-json\/wp\/v2\/tags?post=5332"}],"curies":[{"name":"wp","href":"https:\/\/api.w.org\/{rel}","templated":true}]}}