{"id":5335,"date":"2026-03-04T15:07:35","date_gmt":"2026-03-04T19:07:35","guid":{"rendered":"https:\/\/periodicolarepublica.com\/?p=5335"},"modified":"2026-03-04T15:07:35","modified_gmt":"2026-03-04T19:07:35","slug":"dgjp-imparte-charla-en-bienes-nacionales-sobre-el-sistema-de-reparto-estatal","status":"publish","type":"post","link":"https:\/\/periodicolarepublica.com\/index.php\/2026\/03\/04\/dgjp-imparte-charla-en-bienes-nacionales-sobre-el-sistema-de-reparto-estatal\/","title":{"rendered":"\u00a0*DGJP imparte charla en Bienes Nacionales sobre el Sistema de Reparto Estatal*"},"content":{"rendered":"<p>*Santo Domingo, D.N. mi\u00e9rcoles 04 de marzo, 2026.-* La Direcci\u00f3n General de Jubilaciones y Pensiones a Cargo del Estado (DGJP), imparti\u00f3 la charla \u201cSistema de Reparto Estatal y sus leyes conexas\u201d a colaboradores de la Direcci\u00f3n General de Bienes Nacionales, con el prop\u00f3sito de fortalecer sus conocimientos y convertirlos en multiplicadores de informaci\u00f3n en sus entornos laborales y familiares.<\/p>\n<p>La capacitaci\u00f3n fue desarrollada en el sal\u00f3n de conferencias de la instituci\u00f3n y estuvo a cargo del facilitador de la DGJP, Jos\u00e9 Santos, quien explic\u00f3 temas referentes a los Sistemas de Reparto Estatal y de Capitalizaci\u00f3n Individual, sus diferencias, beneficios y base legal. Asimismo, orient\u00f3 sobre los requisitos y procedimientos para optar por una pensi\u00f3n por antig\u00fcedad en el servicio y por sobrevivencia.<\/p>\n<p>Durante la jornada tambi\u00e9n se present\u00f3 la estructura del Sistema Dominicano de la Seguridad Social, destacando el rol de la Superintendencia de Pensiones (SIPEN), Consejo Nacional de la Seguridad Social (CNSS), Direcci\u00f3n General de Informaci\u00f3n y Defensa de los Afiliados (DIDA), la Tesorer\u00eda de la Seguridad Social (TSS) y las entidades responsables de garantizar los derechos de los afiliados y el correcto funcionamiento del sistema.<\/p>\n<p>Esta iniciativa forma parte del programa permanente de capacitaci\u00f3n que desarrolla la DGJP en instituciones p\u00fablicas, en consonancia con el fortalecimiento institucional promovido por el presidente Luis Abinader. Durante el mes de febrero, las jornadas tambi\u00e9n se realizaron en la Direcci\u00f3n Nacional de Bellas Artes y el Jard\u00edn Bot\u00e1nico Nacional.<\/p>\n<p>La actividad gener\u00f3 gran inter\u00e9s entre los participantes, quienes realizaron preguntas y plantearon casos espec\u00edficos, propiciando un espacio de orientaci\u00f3n directa y aclaraci\u00f3n t\u00e9cnica sobre el sistema de pensiones.<img loading=\"lazy\" decoding=\"async\" class=\"alignnone size-medium wp-image-5336\" src=\"https:\/\/periodicolarepublica.com\/wp-content\/uploads\/2026\/03\/IMG-20260304-WA0462-300x200.jpg\" alt=\"\" width=\"300\" height=\"200\" srcset=\"https:\/\/periodicolarepublica.com\/wp-content\/uploads\/2026\/03\/IMG-20260304-WA0462-300x200.jpg?v=1772651247 300w, https:\/\/periodicolarepublica.com\/wp-content\/uploads\/2026\/03\/IMG-20260304-WA0462-1024x683.jpg?v=1772651247 1024w, https:\/\/periodicolarepublica.com\/wp-content\/uploads\/2026\/03\/IMG-20260304-WA0462-768x512.jpg?v=1772651247 768w, https:\/\/periodicolarepublica.com\/wp-content\/uploads\/2026\/03\/IMG-20260304-WA0462-150x100.jpg?v=1772651247 150w, https:\/\/periodicolarepublica.com\/wp-content\/uploads\/2026\/03\/IMG-20260304-WA0462-600x400.jpg?v=1772651247 600w, https:\/\/periodicolarepublica.com\/wp-content\/uploads\/2026\/03\/IMG-20260304-WA0462-696x464.jpg?v=1772651247 696w, https:\/\/periodicolarepublica.com\/wp-content\/uploads\/2026\/03\/IMG-20260304-WA0462-1068x713.jpg?v=1772651247 1068w, https:\/\/periodicolarepublica.com\/wp-content\/uploads\/2026\/03\/IMG-20260304-WA0462.jpg?v=1772651247 1124w\" sizes=\"auto, (max-width: 300px) 100vw, 300px\" \/><\/p>\n<p>&nbsp;<\/p>\n<p>&nbsp;<\/p>\n<p>&nbsp;<\/p>\n<p>&nbsp;<\/p>\n<p>&nbsp;<\/p>\n<p>&nbsp;<\/p>\n<p>&nbsp;<\/p>\n","protected":false},"excerpt":{"rendered":"<p>*Santo Domingo, D.N. mi\u00e9rcoles 04 de marzo, 2026.-* La Direcci\u00f3n General de Jubilaciones y Pensiones a Cargo del Estado (DGJP), imparti\u00f3 la charla \u201cSistema de Reparto Estatal y sus leyes conexas\u201d a colaboradores de la Direcci\u00f3n General de Bienes Nacionales, con el prop\u00f3sito de fortalecer sus conocimientos y convertirlos en multiplicadores de informaci\u00f3n en sus [&hellip;]<\/p>\n","protected":false},"author":10,"featured_media":5336,"comment_status":"open","ping_status":"open","sticky":false,"template":"","format":"standard","meta":{"om_disable_all_campaigns":false,"_monsterinsights_skip_tracking":false,"_monsterinsights_sitenote_active":false,"_monsterinsights_sitenote_note":"","_monsterinsights_sitenote_category":0,"footnotes":""},"categories":[1],"tags":[],"class_list":{"0":"post-5335","1":"post","2":"type-post","3":"status-publish","4":"format-standard","5":"has-post-thumbnail","7":"category-nacionales"},"aioseo_notices":[],"_links":{"self":[{"href":"https:\/\/periodicolarepublica.com\/index.php\/wp-json\/wp\/v2\/posts\/5335","targetHints":{"allow":["GET"]}}],"collection":[{"href":"https:\/\/periodicolarepublica.com\/index.php\/wp-json\/wp\/v2\/posts"}],"about":[{"href":"https:\/\/periodicolarepublica.com\/index.php\/wp-json\/wp\/v2\/types\/post"}],"author":[{"embeddable":true,"href":"https:\/\/periodicolarepublica.com\/index.php\/wp-json\/wp\/v2\/users\/10"}],"replies":[{"embeddable":true,"href":"https:\/\/periodicolarepublica.com\/index.php\/wp-json\/wp\/v2\/comments?post=5335"}],"version-history":[{"count":1,"href":"https:\/\/periodicolarepublica.com\/index.php\/wp-json\/wp\/v2\/posts\/5335\/revisions"}],"predecessor-version":[{"id":5337,"href":"https:\/\/periodicolarepublica.com\/index.php\/wp-json\/wp\/v2\/posts\/5335\/revisions\/5337"}],"wp:featuredmedia":[{"embeddable":true,"href":"https:\/\/periodicolarepublica.com\/index.php\/wp-json\/wp\/v2\/media\/5336"}],"wp:attachment":[{"href":"https:\/\/periodicolarepublica.com\/index.php\/wp-json\/wp\/v2\/media?parent=5335"}],"wp:term":[{"taxonomy":"category","embeddable":true,"href":"https:\/\/periodicolarepublica.com\/index.php\/wp-json\/wp\/v2\/categories?post=5335"},{"taxonomy":"post_tag","embeddable":true,"href":"https:\/\/periodicolarepublica.com\/index.php\/wp-json\/wp\/v2\/tags?post=5335"}],"curies":[{"name":"wp","href":"https:\/\/api.w.org\/{rel}","templated":true}]}}