{"id":5342,"date":"2026-03-04T18:56:55","date_gmt":"2026-03-04T22:56:55","guid":{"rendered":"https:\/\/periodicolarepublica.com\/?p=5342"},"modified":"2026-03-04T18:56:55","modified_gmt":"2026-03-04T22:56:55","slug":"felicia-contreras-de-paula-impulsa-con-exito-de-13-conferencias-sobre-salud-mental-en-santo-domingo-norte","status":"publish","type":"post","link":"https:\/\/periodicolarepublica.com\/index.php\/2026\/03\/04\/felicia-contreras-de-paula-impulsa-con-exito-de-13-conferencias-sobre-salud-mental-en-santo-domingo-norte\/","title":{"rendered":"*Felicia Contreras de Paula impulsa con \u00e9xito de 13 conferencias sobre salud mental en Santo Domingo Norte*"},"content":{"rendered":"<p>Santo Domingo Norte, R.D. \u2013 Con gran \u00e9xito fueron desarrolladas 13 conferencias sobre salud mental en el municipio Santo Domingo Norte, Regi\u00f3n 5, una iniciativa encabezada por la Prof. Felicia Contreras de Paula y auspiciada por la Cooperativa Nacional de Servicios M\u00faltiples de los Maestros (COOPNAMA).<\/p>\n<p>&nbsp;<\/p>\n<p>La jornada formativa estuvo dirigida a docentes y miembros de la comunidad educativa, con el objetivo de fortalecer el bienestar emocional, promover la prevenci\u00f3n y crear mayor conciencia sobre la importancia de la salud mental en los espacios laborales y familiares.<\/p>\n<p>&nbsp;<\/p>\n<p>Las conferencias fueron encabezadas por la consejera de la Regi\u00f3n 5 y secretaria del Consejo de Administraci\u00f3n, quien destac\u00f3 el compromiso de la cooperativa con el desarrollo integral de sus asociados, no solo en el \u00e1mbito econ\u00f3mico, sino tambi\u00e9n en su crecimiento humano y emocional.<\/p>\n<p>&nbsp;<\/p>\n<p>Durante las actividades se abordaron temas fundamentales como manejo del estr\u00e9s, inteligencia emocional, prevenci\u00f3n de la ansiedad y la depresi\u00f3n, comunicaci\u00f3n asertiva y estrategias para mantener un equilibrio saludable entre la vida personal y profesional.<\/p>\n<p>&nbsp;<\/p>\n<p>La Prof. Felicia Contreras de Paula agradeci\u00f3 el respaldo institucional y la participaci\u00f3n activa de los asistentes, resaltando que estas iniciativas fortalecen el tejido social y contribuyen a una comunidad educativa m\u00e1s consciente y preparada para enfrentar los desaf\u00edos actuales.<\/p>\n<p>&nbsp;<\/p>\n<p>Con este ciclo de conferencias, la Regi\u00f3n 5 reafirma su compromiso de seguir promoviendo espacios de formaci\u00f3n y orientaci\u00f3n que impacten positivamente en la calidad de vida de sus miembros.<img loading=\"lazy\" decoding=\"async\" class=\"alignnone size-medium wp-image-5343\" src=\"https:\/\/periodicolarepublica.com\/wp-content\/uploads\/2026\/03\/IMG-20260304-WA0616-300x225.jpg\" alt=\"\" width=\"300\" height=\"225\" srcset=\"https:\/\/periodicolarepublica.com\/wp-content\/uploads\/2026\/03\/IMG-20260304-WA0616-300x225.jpg?v=1772665009 300w, https:\/\/periodicolarepublica.com\/wp-content\/uploads\/2026\/03\/IMG-20260304-WA0616-1024x768.jpg?v=1772665009 1024w, https:\/\/periodicolarepublica.com\/wp-content\/uploads\/2026\/03\/IMG-20260304-WA0616-768x576.jpg?v=1772665009 768w, https:\/\/periodicolarepublica.com\/wp-content\/uploads\/2026\/03\/IMG-20260304-WA0616-1536x1152.jpg?v=1772665009 1536w, https:\/\/periodicolarepublica.com\/wp-content\/uploads\/2026\/03\/IMG-20260304-WA0616-150x113.jpg?v=1772665009 150w, https:\/\/periodicolarepublica.com\/wp-content\/uploads\/2026\/03\/IMG-20260304-WA0616-600x450.jpg?v=1772665009 600w, https:\/\/periodicolarepublica.com\/wp-content\/uploads\/2026\/03\/IMG-20260304-WA0616-696x522.jpg?v=1772665009 696w, https:\/\/periodicolarepublica.com\/wp-content\/uploads\/2026\/03\/IMG-20260304-WA0616-1392x1044.jpg?v=1772665009 1392w, https:\/\/periodicolarepublica.com\/wp-content\/uploads\/2026\/03\/IMG-20260304-WA0616-1068x801.jpg?v=1772665009 1068w, https:\/\/periodicolarepublica.com\/wp-content\/uploads\/2026\/03\/IMG-20260304-WA0616-265x198.jpg?v=1772665009 265w, https:\/\/periodicolarepublica.com\/wp-content\/uploads\/2026\/03\/IMG-20260304-WA0616-530x396.jpg?v=1772665009 530w, https:\/\/periodicolarepublica.com\/wp-content\/uploads\/2026\/03\/IMG-20260304-WA0616.jpg?v=1772665009 1600w\" sizes=\"auto, (max-width: 300px) 100vw, 300px\" \/><\/p>\n<p>&nbsp;<\/p>\n","protected":false},"excerpt":{"rendered":"<p>Santo Domingo Norte, R.D. \u2013 Con gran \u00e9xito fueron desarrolladas 13 conferencias sobre salud mental en el municipio Santo Domingo Norte, Regi\u00f3n 5, una iniciativa encabezada por la Prof. Felicia Contreras de Paula y auspiciada por la Cooperativa Nacional de Servicios M\u00faltiples de los Maestros (COOPNAMA). &nbsp; La jornada formativa estuvo dirigida a docentes y [&hellip;]<\/p>\n","protected":false},"author":10,"featured_media":5343,"comment_status":"open","ping_status":"open","sticky":false,"template":"","format":"standard","meta":{"om_disable_all_campaigns":false,"_monsterinsights_skip_tracking":false,"_monsterinsights_sitenote_active":false,"_monsterinsights_sitenote_note":"","_monsterinsights_sitenote_category":0,"footnotes":""},"categories":[1],"tags":[],"class_list":{"0":"post-5342","1":"post","2":"type-post","3":"status-publish","4":"format-standard","5":"has-post-thumbnail","7":"category-nacionales"},"aioseo_notices":[],"_links":{"self":[{"href":"https:\/\/periodicolarepublica.com\/index.php\/wp-json\/wp\/v2\/posts\/5342","targetHints":{"allow":["GET"]}}],"collection":[{"href":"https:\/\/periodicolarepublica.com\/index.php\/wp-json\/wp\/v2\/posts"}],"about":[{"href":"https:\/\/periodicolarepublica.com\/index.php\/wp-json\/wp\/v2\/types\/post"}],"author":[{"embeddable":true,"href":"https:\/\/periodicolarepublica.com\/index.php\/wp-json\/wp\/v2\/users\/10"}],"replies":[{"embeddable":true,"href":"https:\/\/periodicolarepublica.com\/index.php\/wp-json\/wp\/v2\/comments?post=5342"}],"version-history":[{"count":1,"href":"https:\/\/periodicolarepublica.com\/index.php\/wp-json\/wp\/v2\/posts\/5342\/revisions"}],"predecessor-version":[{"id":5344,"href":"https:\/\/periodicolarepublica.com\/index.php\/wp-json\/wp\/v2\/posts\/5342\/revisions\/5344"}],"wp:featuredmedia":[{"embeddable":true,"href":"https:\/\/periodicolarepublica.com\/index.php\/wp-json\/wp\/v2\/media\/5343"}],"wp:attachment":[{"href":"https:\/\/periodicolarepublica.com\/index.php\/wp-json\/wp\/v2\/media?parent=5342"}],"wp:term":[{"taxonomy":"category","embeddable":true,"href":"https:\/\/periodicolarepublica.com\/index.php\/wp-json\/wp\/v2\/categories?post=5342"},{"taxonomy":"post_tag","embeddable":true,"href":"https:\/\/periodicolarepublica.com\/index.php\/wp-json\/wp\/v2\/tags?post=5342"}],"curies":[{"name":"wp","href":"https:\/\/api.w.org\/{rel}","templated":true}]}}