{"id":5345,"date":"2026-03-04T19:42:58","date_gmt":"2026-03-04T23:42:58","guid":{"rendered":"https:\/\/periodicolarepublica.com\/?p=5345"},"modified":"2026-03-04T19:42:58","modified_gmt":"2026-03-04T23:42:58","slug":"ministerio-de-salud-realizo-supervision-tecnica-al-consultorio-del-doctor-ernesto-fadul","status":"publish","type":"post","link":"https:\/\/periodicolarepublica.com\/index.php\/2026\/03\/04\/ministerio-de-salud-realizo-supervision-tecnica-al-consultorio-del-doctor-ernesto-fadul\/","title":{"rendered":"Ministerio de Salud realiz\u00f3 supervisi\u00f3n t\u00e9cnica al consultorio del doctor Ernesto Fadul"},"content":{"rendered":"<p>&nbsp;<\/p>\n<p>Santo Domingo. \u2013 El Ministerio de Salud informa que, a trav\u00e9s de la Direcci\u00f3n de Habilitaci\u00f3n de Servicios y Establecimientos de Salud, realiz\u00f3 una visita t\u00e9cnica de supervisi\u00f3n en el consultorio \u201cTransformando el Autismo\u201d, a cargo del doctor Jos\u00e9 Ernesto Fadul, ubicado en la provincia de Santiago.<\/p>\n<p>&nbsp;<\/p>\n<p>Hasta la fecha no se han recibido denuncias formales ni quejas relacionadas con la atenci\u00f3n o los tratamientos brindados en dicho consultorio, sin embargo, la instituci\u00f3n activ\u00f3 el protocolo de supervisiones que realiza como \u00f3rgano rector del sistema de salud a los establecimientos prestadores de servicios, con el objetivo de verificar el cumplimiento de las normativas y protocolos vigentes, luego de unos reportes period\u00edsticos publicados en algunos medios de comunicaci\u00f3n.<\/p>\n<p>&nbsp;<\/p>\n<p>Durante el proceso fueron evaluados aspectos relacionados con infraestructura, recursos humanos, equipamiento, documentaci\u00f3n, procesos de atenci\u00f3n, as\u00ed como condiciones de higiene y seguridad.<\/p>\n<p>&nbsp;<\/p>\n<p>Actualmente, el personal t\u00e9cnico se encuentra en la fase de verificaci\u00f3n y an\u00e1lisis de los hallazgos levantados, a fin de completar el informe correspondiente conforme a los procedimientos establecidos.<\/p>\n<p>&nbsp;<\/p>\n<p>El Ministerio informa que regidos por los principios de transparencia y libre acceso a la informaci\u00f3n, har\u00e1 del conocimiento p\u00fablico los hallazgos de esta supervisi\u00f3n una vez culminado el proceso t\u00e9cnico y en cumplimiento de sus funciones de inspecci\u00f3n, vigilancia y control sanitario como establece la Ley General de Salud y dem\u00e1s normativas aplicables.<\/p>\n<p>&nbsp;<\/p>\n<p>Asimismo, recuerda que dispone de un protocolo oficial para la atenci\u00f3n de ni\u00f1os, ni\u00f1as y adolescentes con trastorno del espectro autista, el cual debe ser aplicado por todo prestador de servicios de salud que ofrezca atenci\u00f3n a pacientes dentro del espectro, en cumplimiento con la normativa sanitaria nacional.<\/p>\n<figure id=\"attachment_5346\" aria-describedby=\"caption-attachment-5346\" style=\"width: 300px\" class=\"wp-caption alignnone\"><img loading=\"lazy\" decoding=\"async\" class=\"size-medium wp-image-5346\" src=\"https:\/\/periodicolarepublica.com\/wp-content\/uploads\/2026\/03\/images-13-300x300.jpeg\" alt=\"\" width=\"300\" height=\"300\" srcset=\"https:\/\/periodicolarepublica.com\/wp-content\/uploads\/2026\/03\/images-13-300x300.jpeg 300w, https:\/\/periodicolarepublica.com\/wp-content\/uploads\/2026\/03\/images-13-150x150.jpeg 150w, https:\/\/periodicolarepublica.com\/wp-content\/uploads\/2026\/03\/images-13.jpeg 447w\" sizes=\"auto, (max-width: 300px) 100vw, 300px\" \/><figcaption id=\"caption-attachment-5346\" class=\"wp-caption-text\">Salud P\u00fablica<\/figcaption><\/figure>\n","protected":false},"excerpt":{"rendered":"<p>&nbsp; Santo Domingo. \u2013 El Ministerio de Salud informa que, a trav\u00e9s de la Direcci\u00f3n de Habilitaci\u00f3n de Servicios y Establecimientos de Salud, realiz\u00f3 una visita t\u00e9cnica de supervisi\u00f3n en el consultorio \u201cTransformando el Autismo\u201d, a cargo del doctor Jos\u00e9 Ernesto Fadul, ubicado en la provincia de Santiago. &nbsp; Hasta la fecha no se han [&hellip;]<\/p>\n","protected":false},"author":6,"featured_media":5346,"comment_status":"open","ping_status":"open","sticky":false,"template":"","format":"standard","meta":{"om_disable_all_campaigns":false,"_monsterinsights_skip_tracking":false,"_monsterinsights_sitenote_active":false,"_monsterinsights_sitenote_note":"","_monsterinsights_sitenote_category":0,"footnotes":""},"categories":[1],"tags":[],"class_list":{"0":"post-5345","1":"post","2":"type-post","3":"status-publish","4":"format-standard","5":"has-post-thumbnail","7":"category-nacionales"},"aioseo_notices":[],"_links":{"self":[{"href":"https:\/\/periodicolarepublica.com\/index.php\/wp-json\/wp\/v2\/posts\/5345","targetHints":{"allow":["GET"]}}],"collection":[{"href":"https:\/\/periodicolarepublica.com\/index.php\/wp-json\/wp\/v2\/posts"}],"about":[{"href":"https:\/\/periodicolarepublica.com\/index.php\/wp-json\/wp\/v2\/types\/post"}],"author":[{"embeddable":true,"href":"https:\/\/periodicolarepublica.com\/index.php\/wp-json\/wp\/v2\/users\/6"}],"replies":[{"embeddable":true,"href":"https:\/\/periodicolarepublica.com\/index.php\/wp-json\/wp\/v2\/comments?post=5345"}],"version-history":[{"count":1,"href":"https:\/\/periodicolarepublica.com\/index.php\/wp-json\/wp\/v2\/posts\/5345\/revisions"}],"predecessor-version":[{"id":5347,"href":"https:\/\/periodicolarepublica.com\/index.php\/wp-json\/wp\/v2\/posts\/5345\/revisions\/5347"}],"wp:featuredmedia":[{"embeddable":true,"href":"https:\/\/periodicolarepublica.com\/index.php\/wp-json\/wp\/v2\/media\/5346"}],"wp:attachment":[{"href":"https:\/\/periodicolarepublica.com\/index.php\/wp-json\/wp\/v2\/media?parent=5345"}],"wp:term":[{"taxonomy":"category","embeddable":true,"href":"https:\/\/periodicolarepublica.com\/index.php\/wp-json\/wp\/v2\/categories?post=5345"},{"taxonomy":"post_tag","embeddable":true,"href":"https:\/\/periodicolarepublica.com\/index.php\/wp-json\/wp\/v2\/tags?post=5345"}],"curies":[{"name":"wp","href":"https:\/\/api.w.org\/{rel}","templated":true}]}}