{"id":5351,"date":"2026-03-06T07:17:42","date_gmt":"2026-03-06T11:17:42","guid":{"rendered":"https:\/\/periodicolarepublica.com\/?p=5351"},"modified":"2026-03-06T07:17:42","modified_gmt":"2026-03-06T11:17:42","slug":"coopnama-entrega-becas-y-roberto-fulcar-exhorta-a-jovenes-a-romper-las-cadenas-de-la-pobreza-a-traves-de-la-educacion","status":"publish","type":"post","link":"https:\/\/periodicolarepublica.com\/index.php\/2026\/03\/06\/coopnama-entrega-becas-y-roberto-fulcar-exhorta-a-jovenes-a-romper-las-cadenas-de-la-pobreza-a-traves-de-la-educacion\/","title":{"rendered":"*COOPNAMA entrega becas y Roberto Fulcar exhorta a j\u00f3venes a romper las cadenas de la pobreza a trav\u00e9s de la educaci\u00f3n*"},"content":{"rendered":"<p>Durante un emotivo acto de entrega de becas, la Cooperativa Nacional de Servicios M\u00faltiples de los Maestros (COOPNAMA) reafirm\u00f3 su compromiso con la formaci\u00f3n de las nuevas generaciones, mientras el educador Roberto Fulcar motiv\u00f3 a los j\u00f3venes beneficiarios<\/p>\n<p>&nbsp;<\/p>\n<p>Santo Domingo. En un solemne acto que reafirma el compromiso con el desarrollo educativo del pa\u00eds, la Cooperativa Nacional de Servicios M\u00faltiples de los Maestros (COOPNAMA) realiz\u00f3 la entrega de becas a j\u00f3venes estudiantes, brind\u00e1ndoles la oportunidad de continuar su formaci\u00f3n acad\u00e9mica y avanzar hacia un futuro de mayores oportunidades.<\/p>\n<p>&nbsp;<\/p>\n<p>La actividad reuni\u00f3 a autoridades del sector cooperativo, dirigentes educativos, estudiantes y familiares, quienes celebraron esta iniciativa orientada a respaldar el talento joven y promover el acceso a la educaci\u00f3n superior como v\u00eda para el progreso social.<\/p>\n<p>&nbsp;<\/p>\n<p>El mensaje central de exhortaci\u00f3n estuvo a cargo del doctor Roberto Fulcar, CEO y fundador del Instituto del Futuro, quien ofreci\u00f3 una reflexi\u00f3n inspiradora sobre el papel transformador de la educaci\u00f3n en la vida de las personas y en el desarrollo de las naciones.<\/p>\n<p>&nbsp;<\/p>\n<p>Durante su intervenci\u00f3n, Fulcar expres\u00f3 que el futuro no debe ser visto como algo lejano o incierto, sino como una realidad que se construye cada d\u00eda con esfuerzo, preparaci\u00f3n y visi\u00f3n.<\/p>\n<p>&nbsp;<\/p>\n<p>\u201cEl futuro no se espera, se construye hoy\u201d, afirm\u00f3 el educador ante los j\u00f3venes becarios, a quienes inst\u00f3 a asumir con responsabilidad el compromiso de formarse acad\u00e9micamente para convertirse en agentes de cambio en sus comunidades.<\/p>\n<p>&nbsp;<\/p>\n<p>El tambi\u00e9n acad\u00e9mico exhort\u00f3 a los estudiantes a romper las cadenas de la pobreza a trav\u00e9s del conocimiento, se\u00f1alando que la educaci\u00f3n contin\u00faa siendo la herramienta m\u00e1s poderosa para transformar realidades, abrir puertas y generar oportunidades de desarrollo personal y colectivo.<\/p>\n<p>&nbsp;<\/p>\n<p>Fulcar tambi\u00e9n plante\u00f3 la necesidad de avanzar hacia un modelo educativo m\u00e1s din\u00e1mico y participativo, en el que el aprendizaje se construya de manera colectiva y donde el intercambio de experiencias entre estudiantes y educadores fortalezca el proceso de formaci\u00f3n.<\/p>\n<p>&nbsp;<\/p>\n<p>\u201cNadie ense\u00f1a a nadie; aprendemos unos de otros construyendo juntos\u201d, expres\u00f3, destacando que el verdadero progreso surge cuando el conocimiento se comparte, se cuestiona y se construye de manera colaborativa.<\/p>\n<p>&nbsp;<\/p>\n<p>La entrega de becas forma parte de los programas sociales y educativos que impulsa la Cooperativa Nacional de Servicios M\u00faltiples de los Maestros (COOPNAMA) con el prop\u00f3sito de respaldar el talento joven dominicano y contribuir a la formaci\u00f3n de profesionales comprometidos con el desarrollo del pa\u00eds.<img loading=\"lazy\" decoding=\"async\" class=\"alignnone size-medium wp-image-5352\" src=\"https:\/\/periodicolarepublica.com\/wp-content\/uploads\/2026\/03\/IMG-20260305-WA0730-300x190.jpg\" alt=\"\" width=\"300\" height=\"190\" srcset=\"https:\/\/periodicolarepublica.com\/wp-content\/uploads\/2026\/03\/IMG-20260305-WA0730-300x190.jpg?v=1772795847 300w, https:\/\/periodicolarepublica.com\/wp-content\/uploads\/2026\/03\/IMG-20260305-WA0730-150x95.jpg?v=1772795847 150w, https:\/\/periodicolarepublica.com\/wp-content\/uploads\/2026\/03\/IMG-20260305-WA0730-600x381.jpg?v=1772795847 600w, https:\/\/periodicolarepublica.com\/wp-content\/uploads\/2026\/03\/IMG-20260305-WA0730-696x442.jpg?v=1772795847 696w, https:\/\/periodicolarepublica.com\/wp-content\/uploads\/2026\/03\/IMG-20260305-WA0730.jpg?v=1772795847 720w\" sizes=\"auto, (max-width: 300px) 100vw, 300px\" \/><\/p>\n","protected":false},"excerpt":{"rendered":"<p>Durante un emotivo acto de entrega de becas, la Cooperativa Nacional de Servicios M\u00faltiples de los Maestros (COOPNAMA) reafirm\u00f3 su compromiso con la formaci\u00f3n de las nuevas generaciones, mientras el educador Roberto Fulcar motiv\u00f3 a los j\u00f3venes beneficiarios &nbsp; Santo Domingo. En un solemne acto que reafirma el compromiso con el desarrollo educativo del pa\u00eds, [&hellip;]<\/p>\n","protected":false},"author":10,"featured_media":5352,"comment_status":"open","ping_status":"open","sticky":false,"template":"","format":"standard","meta":{"om_disable_all_campaigns":false,"_monsterinsights_skip_tracking":false,"_monsterinsights_sitenote_active":false,"_monsterinsights_sitenote_note":"","_monsterinsights_sitenote_category":0,"footnotes":""},"categories":[1],"tags":[],"class_list":{"0":"post-5351","1":"post","2":"type-post","3":"status-publish","4":"format-standard","5":"has-post-thumbnail","7":"category-nacionales"},"aioseo_notices":[],"_links":{"self":[{"href":"https:\/\/periodicolarepublica.com\/index.php\/wp-json\/wp\/v2\/posts\/5351","targetHints":{"allow":["GET"]}}],"collection":[{"href":"https:\/\/periodicolarepublica.com\/index.php\/wp-json\/wp\/v2\/posts"}],"about":[{"href":"https:\/\/periodicolarepublica.com\/index.php\/wp-json\/wp\/v2\/types\/post"}],"author":[{"embeddable":true,"href":"https:\/\/periodicolarepublica.com\/index.php\/wp-json\/wp\/v2\/users\/10"}],"replies":[{"embeddable":true,"href":"https:\/\/periodicolarepublica.com\/index.php\/wp-json\/wp\/v2\/comments?post=5351"}],"version-history":[{"count":1,"href":"https:\/\/periodicolarepublica.com\/index.php\/wp-json\/wp\/v2\/posts\/5351\/revisions"}],"predecessor-version":[{"id":5353,"href":"https:\/\/periodicolarepublica.com\/index.php\/wp-json\/wp\/v2\/posts\/5351\/revisions\/5353"}],"wp:featuredmedia":[{"embeddable":true,"href":"https:\/\/periodicolarepublica.com\/index.php\/wp-json\/wp\/v2\/media\/5352"}],"wp:attachment":[{"href":"https:\/\/periodicolarepublica.com\/index.php\/wp-json\/wp\/v2\/media?parent=5351"}],"wp:term":[{"taxonomy":"category","embeddable":true,"href":"https:\/\/periodicolarepublica.com\/index.php\/wp-json\/wp\/v2\/categories?post=5351"},{"taxonomy":"post_tag","embeddable":true,"href":"https:\/\/periodicolarepublica.com\/index.php\/wp-json\/wp\/v2\/tags?post=5351"}],"curies":[{"name":"wp","href":"https:\/\/api.w.org\/{rel}","templated":true}]}}