{"id":5355,"date":"2026-03-07T13:30:51","date_gmt":"2026-03-07T17:30:51","guid":{"rendered":"https:\/\/periodicolarepublica.com\/?p=5355"},"modified":"2026-03-07T13:30:51","modified_gmt":"2026-03-07T17:30:51","slug":"edeeste-informa-interrupcion-en-circuito-que-incide-en-sectores-aledanos-a-gazcue-y-zona-colonial-para-trabajos-de-seguridad-en-la-red","status":"publish","type":"post","link":"https:\/\/periodicolarepublica.com\/index.php\/2026\/03\/07\/edeeste-informa-interrupcion-en-circuito-que-incide-en-sectores-aledanos-a-gazcue-y-zona-colonial-para-trabajos-de-seguridad-en-la-red\/","title":{"rendered":"*Edeeste informa interrupci\u00f3n en circuito que incide en sectores aleda\u00f1os a Gazcue y Zona Colonial para trabajos de seguridad en la red*"},"content":{"rendered":"<p>Durante el desarrollo de estas labores resultar\u00e1n impactados los sectores\u00a0Ciudad Colonial, Ciudad Nueva, Gascue, San L\u00e1zaro, San Miguel, Santa B\u00e1rbara y Villa Francisca.<\/p>\n<p>Santo Domingo.\u00a0\u2013 La Empresa Distribuidora de Electricidad del Este (Edeeste) inform\u00f3 que, durante el d\u00eda de hoy s\u00e1bado, realizar\u00e1 una interrupci\u00f3n programada del servicio el\u00e9ctrico en el\u00a0circuito DESP03, como parte de las acciones de mantenimiento preventivo que ejecuta la empresa para fortalecer la seguridad y estabilidad del sistema el\u00e9ctrico.<\/p>\n<p>La suspensi\u00f3n del servicio tendr\u00e1 una duraci\u00f3n aproximada de\u00a0cuatro horas, per\u00edodo durante el cual brigadas del \u00e1rea de\u00a0Mantenimiento de Redes\u00a0llevar\u00e1n a cabo la\u00a0sustituci\u00f3n de un poste ubicado en la avenida Independencia, que representa un alto riesgo para la comunidad.<\/p>\n<p>Edeeste explic\u00f3 que estos trabajos forman parte de su programa permanente de mejora de la infraestructura el\u00e9ctrica, orientado a\u00a0prevenir accidentes y garantizar un suministro m\u00e1s confiable para los clientes.<\/p>\n<p>Durante el desarrollo de estas labores resultar\u00e1n impactados los sectores\u00a0Ciudad Colonial, Ciudad Nueva, Gascue, San L\u00e1zaro, San Miguel, Santa B\u00e1rbara y Villa Francisca.<\/p>\n<p>La empresa agradeci\u00f3 la comprensi\u00f3n de los clientes durante la ejecuci\u00f3n de estos trabajos, reiterando su compromiso con la\u00a0seguridad de las comunidades y la optimizaci\u00f3n continua del servicio el\u00e9ctrico.<img loading=\"lazy\" decoding=\"async\" class=\"alignnone size-medium wp-image-5068\" src=\"https:\/\/periodicolarepublica.com\/wp-content\/uploads\/2026\/02\/IMG-20260206-WA0440-300x169.jpg\" alt=\"\" width=\"300\" height=\"169\" srcset=\"https:\/\/periodicolarepublica.com\/wp-content\/uploads\/2026\/02\/IMG-20260206-WA0440-300x169.jpg?v=1770403036 300w, https:\/\/periodicolarepublica.com\/wp-content\/uploads\/2026\/02\/IMG-20260206-WA0440-1024x576.jpg?v=1770403036 1024w, https:\/\/periodicolarepublica.com\/wp-content\/uploads\/2026\/02\/IMG-20260206-WA0440-768x432.jpg?v=1770403036 768w, https:\/\/periodicolarepublica.com\/wp-content\/uploads\/2026\/02\/IMG-20260206-WA0440-1536x864.jpg?v=1770403036 1536w, https:\/\/periodicolarepublica.com\/wp-content\/uploads\/2026\/02\/IMG-20260206-WA0440-150x84.jpg?v=1770403036 150w, https:\/\/periodicolarepublica.com\/wp-content\/uploads\/2026\/02\/IMG-20260206-WA0440-600x338.jpg?v=1770403036 600w, https:\/\/periodicolarepublica.com\/wp-content\/uploads\/2026\/02\/IMG-20260206-WA0440-696x392.jpg?v=1770403036 696w, https:\/\/periodicolarepublica.com\/wp-content\/uploads\/2026\/02\/IMG-20260206-WA0440-1392x783.jpg?v=1770403036 1392w, https:\/\/periodicolarepublica.com\/wp-content\/uploads\/2026\/02\/IMG-20260206-WA0440-1068x601.jpg?v=1770403036 1068w, https:\/\/periodicolarepublica.com\/wp-content\/uploads\/2026\/02\/IMG-20260206-WA0440.jpg?v=1770403036 1600w\" sizes=\"auto, (max-width: 300px) 100vw, 300px\" \/><\/p>\n","protected":false},"excerpt":{"rendered":"<p>Durante el desarrollo de estas labores resultar\u00e1n impactados los sectores\u00a0Ciudad Colonial, Ciudad Nueva, Gascue, San L\u00e1zaro, San Miguel, Santa B\u00e1rbara y Villa Francisca. Santo Domingo.\u00a0\u2013 La Empresa Distribuidora de Electricidad del Este (Edeeste) inform\u00f3 que, durante el d\u00eda de hoy s\u00e1bado, realizar\u00e1 una interrupci\u00f3n programada del servicio el\u00e9ctrico en el\u00a0circuito DESP03, como parte de las [&hellip;]<\/p>\n","protected":false},"author":10,"featured_media":5068,"comment_status":"open","ping_status":"open","sticky":false,"template":"","format":"standard","meta":{"om_disable_all_campaigns":false,"_monsterinsights_skip_tracking":false,"_monsterinsights_sitenote_active":false,"_monsterinsights_sitenote_note":"","_monsterinsights_sitenote_category":0,"footnotes":""},"categories":[1],"tags":[],"class_list":{"0":"post-5355","1":"post","2":"type-post","3":"status-publish","4":"format-standard","5":"has-post-thumbnail","7":"category-nacionales"},"aioseo_notices":[],"_links":{"self":[{"href":"https:\/\/periodicolarepublica.com\/index.php\/wp-json\/wp\/v2\/posts\/5355","targetHints":{"allow":["GET"]}}],"collection":[{"href":"https:\/\/periodicolarepublica.com\/index.php\/wp-json\/wp\/v2\/posts"}],"about":[{"href":"https:\/\/periodicolarepublica.com\/index.php\/wp-json\/wp\/v2\/types\/post"}],"author":[{"embeddable":true,"href":"https:\/\/periodicolarepublica.com\/index.php\/wp-json\/wp\/v2\/users\/10"}],"replies":[{"embeddable":true,"href":"https:\/\/periodicolarepublica.com\/index.php\/wp-json\/wp\/v2\/comments?post=5355"}],"version-history":[{"count":1,"href":"https:\/\/periodicolarepublica.com\/index.php\/wp-json\/wp\/v2\/posts\/5355\/revisions"}],"predecessor-version":[{"id":5356,"href":"https:\/\/periodicolarepublica.com\/index.php\/wp-json\/wp\/v2\/posts\/5355\/revisions\/5356"}],"wp:featuredmedia":[{"embeddable":true,"href":"https:\/\/periodicolarepublica.com\/index.php\/wp-json\/wp\/v2\/media\/5068"}],"wp:attachment":[{"href":"https:\/\/periodicolarepublica.com\/index.php\/wp-json\/wp\/v2\/media?parent=5355"}],"wp:term":[{"taxonomy":"category","embeddable":true,"href":"https:\/\/periodicolarepublica.com\/index.php\/wp-json\/wp\/v2\/categories?post=5355"},{"taxonomy":"post_tag","embeddable":true,"href":"https:\/\/periodicolarepublica.com\/index.php\/wp-json\/wp\/v2\/tags?post=5355"}],"curies":[{"name":"wp","href":"https:\/\/api.w.org\/{rel}","templated":true}]}}