{"id":5359,"date":"2026-03-08T10:35:28","date_gmt":"2026-03-08T14:35:28","guid":{"rendered":"https:\/\/periodicolarepublica.com\/?p=5359"},"modified":"2026-03-08T10:35:28","modified_gmt":"2026-03-08T14:35:28","slug":"marcas-blancas-cuando-supermercados-defienden-el-bolsillo-del-consumidor-dominicano","status":"publish","type":"post","link":"https:\/\/periodicolarepublica.com\/index.php\/2026\/03\/08\/marcas-blancas-cuando-supermercados-defienden-el-bolsillo-del-consumidor-dominicano\/","title":{"rendered":"Marcas blancas: cuando supermercados defienden el bolsillo del consumidor dominicano"},"content":{"rendered":"<p>En medio de un escenario de constantes aumentos en los precios de productos b\u00e1sicos, desde la leche hasta el pan o el agua, surge una pregunta que cada vez resuena con m\u00e1s fuerza en los hogares dominicanos: \u00bfqui\u00e9n defiende realmente el bolsillo del consumidor?<\/p>\n<p>Mientras muchas marcas tradicionales contin\u00faan ajustando sus precios al alza, los consumidores buscan alternativas que les permitan mantener la calidad de su alimentaci\u00f3n y de sus compras sin sacrificar su presupuesto. En ese contexto, las marcas blancas o marcas propias de los supermercados han pasado de ser una simple opci\u00f3n econ\u00f3mica a convertirse en un verdadero aliado del consumidor.<\/p>\n<p>Los productos de marca blanca son aquellos que los supermercados venden bajo su propia marca y logotipo, aunque en realidad son fabricados por un tercero. Es decir, el fabricante produce el art\u00edculo, pero utiliza la marca solicitada por el minorista, lo que hace que el producto final parezca haber sido elaborado por el propio supermercado.<\/p>\n<p>Los datos respaldan esta tendencia. Un estudio titulado \u201cLas marcas blancas en el mercado latinoamericano y caribe\u00f1o de abarrote\u201d, elaborado por BID Invest y difundido en Rep\u00fablica Dominicana por el peri\u00f3dico El Dinero, revela una realidad clara: hasta el 62 % de los consumidores elige marcas blancas por el precio.<\/p>\n<p>Naturalmente, el crecimiento de las marcas blancas tambi\u00e9n abre debates sobre la competencia en el mercado.<\/p>\n<p>En Rep\u00fablica Dominicana, la Ley de Defensa de la Competencia No. 42-08 establece el marco que regula el mercado para garantizar una competencia justa entre los distintos actores econ\u00f3micos. Esta normativa permite la existencia de marcas propias de supermercados, siempre que no se incurra en pr\u00e1cticas que distorsionen la competencia.<\/p>\n<p>Lejos de ser una amenaza para el mercado, las marcas blancas pueden convertirse en un mecanismo que fortalezca la competencia.<\/p>\n<p>Cuando el consumidor tiene m\u00e1s opciones, las marcas tradicionales tambi\u00e9n se ven obligadas a mejorar precios, promociones y calidad. En \u00faltima instancia, esto genera un mercado m\u00e1s din\u00e1mico y equilibrado.<\/p>\n<p>Hoy, para muchas familias dominicanas, esas opciones est\u00e1n en los anaqueles de los supermercados. Las marcas blancas no solo compiten; tambi\u00e9n est\u00e1n ayudando a cuidar el bolsillo de la gente.<\/p>\n<p>M\u00e1ximo Mi\u00f1oso Santoni<\/p>\n<p>Director Medio La Rep\u00fablica<\/p>\n<p>www.periodicolarepublica.com<\/p>\n<figure id=\"attachment_5360\" aria-describedby=\"caption-attachment-5360\" style=\"width: 300px\" class=\"wp-caption alignnone\"><img loading=\"lazy\" decoding=\"async\" class=\"size-medium wp-image-5360\" src=\"https:\/\/periodicolarepublica.com\/wp-content\/uploads\/2026\/03\/Screenshot_20260308_102155_Chrome1-300x212.jpg\" alt=\"\" width=\"300\" height=\"212\" \/><figcaption id=\"caption-attachment-5360\" class=\"wp-caption-text\">M\u00e1ximo Mi\u00f1oso<\/figcaption><\/figure>\n<p>&nbsp;<\/p>\n<p>&nbsp;<\/p>\n","protected":false},"excerpt":{"rendered":"<p>En medio de un escenario de constantes aumentos en los precios de productos b\u00e1sicos, desde la leche hasta el pan o el agua, surge una pregunta que cada vez resuena con m\u00e1s fuerza en los hogares dominicanos: \u00bfqui\u00e9n defiende realmente el bolsillo del consumidor? Mientras muchas marcas tradicionales contin\u00faan ajustando sus precios al alza, los [&hellip;]<\/p>\n","protected":false},"author":1,"featured_media":5360,"comment_status":"open","ping_status":"open","sticky":false,"template":"","format":"standard","meta":{"om_disable_all_campaigns":false,"_monsterinsights_skip_tracking":false,"_monsterinsights_sitenote_active":false,"_monsterinsights_sitenote_note":"","_monsterinsights_sitenote_category":0,"footnotes":""},"categories":[1],"tags":[],"class_list":{"0":"post-5359","1":"post","2":"type-post","3":"status-publish","4":"format-standard","5":"has-post-thumbnail","7":"category-nacionales"},"aioseo_notices":[],"_links":{"self":[{"href":"https:\/\/periodicolarepublica.com\/index.php\/wp-json\/wp\/v2\/posts\/5359","targetHints":{"allow":["GET"]}}],"collection":[{"href":"https:\/\/periodicolarepublica.com\/index.php\/wp-json\/wp\/v2\/posts"}],"about":[{"href":"https:\/\/periodicolarepublica.com\/index.php\/wp-json\/wp\/v2\/types\/post"}],"author":[{"embeddable":true,"href":"https:\/\/periodicolarepublica.com\/index.php\/wp-json\/wp\/v2\/users\/1"}],"replies":[{"embeddable":true,"href":"https:\/\/periodicolarepublica.com\/index.php\/wp-json\/wp\/v2\/comments?post=5359"}],"version-history":[{"count":1,"href":"https:\/\/periodicolarepublica.com\/index.php\/wp-json\/wp\/v2\/posts\/5359\/revisions"}],"predecessor-version":[{"id":5361,"href":"https:\/\/periodicolarepublica.com\/index.php\/wp-json\/wp\/v2\/posts\/5359\/revisions\/5361"}],"wp:featuredmedia":[{"embeddable":true,"href":"https:\/\/periodicolarepublica.com\/index.php\/wp-json\/wp\/v2\/media\/5360"}],"wp:attachment":[{"href":"https:\/\/periodicolarepublica.com\/index.php\/wp-json\/wp\/v2\/media?parent=5359"}],"wp:term":[{"taxonomy":"category","embeddable":true,"href":"https:\/\/periodicolarepublica.com\/index.php\/wp-json\/wp\/v2\/categories?post=5359"},{"taxonomy":"post_tag","embeddable":true,"href":"https:\/\/periodicolarepublica.com\/index.php\/wp-json\/wp\/v2\/tags?post=5359"}],"curies":[{"name":"wp","href":"https:\/\/api.w.org\/{rel}","templated":true}]}}