{"id":5362,"date":"2026-03-08T10:50:44","date_gmt":"2026-03-08T14:50:44","guid":{"rendered":"https:\/\/periodicolarepublica.com\/?p=5362"},"modified":"2026-03-08T10:50:44","modified_gmt":"2026-03-08T14:50:44","slug":"victor-pichardo-trabaja-en-fortalecer-estructura-prm-en-monte-plata-recorre-la-provincia-durante-fin-de-semana","status":"publish","type":"post","link":"https:\/\/periodicolarepublica.com\/index.php\/2026\/03\/08\/victor-pichardo-trabaja-en-fortalecer-estructura-prm-en-monte-plata-recorre-la-provincia-durante-fin-de-semana\/","title":{"rendered":"V\u00edctor Pichardo trabaja en fortalecer estructura PRM en Monte Plata; recorre la provincia durante fin de semana"},"content":{"rendered":"<p>&nbsp;<\/p>\n<p>Monte Plata.\u2013 El presidente provincial del Partido Revolucionario Moderno (PRM), V\u00edctor Pichardo, recorri\u00f3 durante este fin de semana cada punto de la provincia, encabezando reuniones de trabajo con la dirigencia de la organizaci\u00f3n pol\u00edtica en los distintos municipios y distritos municipales, con el objetivo de fortalecer y organizar la estructura pol\u00edtica de cara a los procesos internos, donde se escoger\u00e1n las nuevas autoridades del partido.<\/p>\n<p>&nbsp;<\/p>\n<p>Pichardo, durante los encuentros se hizo acompa\u00f1ar del secretario general, Rafael De Luna, y las labores y contactos realizados este s\u00e1bado, abarcaron los municipios de Monte Plata, Bayaguana y Sabana Grande de Boy\u00e1, as\u00ed como en los distritos municipales de Majagual y Gonzalo<\/p>\n<p>&nbsp;<\/p>\n<p>Durante las reuniones, Pichardo destac\u00f3 la importancia y el avance del proceso \u201cVerif\u00edcate\u201d, iniciativa que desarrolla el PRM para actualizar y validar su militancia en todo el pa\u00eds.<\/p>\n<p>&nbsp;<\/p>\n<p>\u201cEstamos comprometidos con el fortalecimiento de nuestro partido PRM en la provincia Monte Plata y todo el pa\u00eds, para garantizar la continuidad del bienestar del pa\u00eds m\u00e1s all\u00e1 del 2028\u201d, indic\u00f3 Pichardo.<\/p>\n<p>&nbsp;<\/p>\n<p>De igual manera, los trabajos organizativos continuaron este domingo, con encuentros en los municipios de Yamas\u00e1 y Peralvillo, as\u00ed como en los distritos municipales de Boy\u00e1, Los Botados y Mam\u00e1 Ting\u00f3.<\/p>\n<p>&nbsp;<\/p>\n<p>El dirigente pol\u00edtico afirm\u00f3 que el PRM se mantiene como una organizaci\u00f3n fuerte y preparada para retener el poder en las elecciones del 2028.<\/p>\n<p><img loading=\"lazy\" decoding=\"async\" class=\"alignnone size-medium wp-image-5363\" src=\"https:\/\/periodicolarepublica.com\/wp-content\/uploads\/2026\/03\/IMG-20260308-WA00041-scaled-e1772981416210-300x261.jpg\" alt=\"\" width=\"300\" height=\"261\" srcset=\"https:\/\/periodicolarepublica.com\/wp-content\/uploads\/2026\/03\/IMG-20260308-WA00041-scaled-e1772981416210-300x261.jpg 300w, https:\/\/periodicolarepublica.com\/wp-content\/uploads\/2026\/03\/IMG-20260308-WA00041-scaled-e1772981416210-768x667.jpg 768w, https:\/\/periodicolarepublica.com\/wp-content\/uploads\/2026\/03\/IMG-20260308-WA00041-scaled-e1772981416210-150x130.jpg 150w, https:\/\/periodicolarepublica.com\/wp-content\/uploads\/2026\/03\/IMG-20260308-WA00041-scaled-e1772981416210-600x521.jpg 600w, https:\/\/periodicolarepublica.com\/wp-content\/uploads\/2026\/03\/IMG-20260308-WA00041-scaled-e1772981416210-696x604.jpg 696w, https:\/\/periodicolarepublica.com\/wp-content\/uploads\/2026\/03\/IMG-20260308-WA00041-scaled-e1772981416210-534x462.jpg 534w, https:\/\/periodicolarepublica.com\/wp-content\/uploads\/2026\/03\/IMG-20260308-WA00041-scaled-e1772981416210.jpg 958w\" sizes=\"auto, (max-width: 300px) 100vw, 300px\" \/><\/p>\n","protected":false},"excerpt":{"rendered":"<p>&nbsp; Monte Plata.\u2013 El presidente provincial del Partido Revolucionario Moderno (PRM), V\u00edctor Pichardo, recorri\u00f3 durante este fin de semana cada punto de la provincia, encabezando reuniones de trabajo con la dirigencia de la organizaci\u00f3n pol\u00edtica en los distintos municipios y distritos municipales, con el objetivo de fortalecer y organizar la estructura pol\u00edtica de cara a [&hellip;]<\/p>\n","protected":false},"author":6,"featured_media":5363,"comment_status":"open","ping_status":"open","sticky":false,"template":"","format":"standard","meta":{"om_disable_all_campaigns":false,"_monsterinsights_skip_tracking":false,"_monsterinsights_sitenote_active":false,"_monsterinsights_sitenote_note":"","_monsterinsights_sitenote_category":0,"footnotes":""},"categories":[1],"tags":[],"class_list":{"0":"post-5362","1":"post","2":"type-post","3":"status-publish","4":"format-standard","5":"has-post-thumbnail","7":"category-nacionales"},"aioseo_notices":[],"_links":{"self":[{"href":"https:\/\/periodicolarepublica.com\/index.php\/wp-json\/wp\/v2\/posts\/5362","targetHints":{"allow":["GET"]}}],"collection":[{"href":"https:\/\/periodicolarepublica.com\/index.php\/wp-json\/wp\/v2\/posts"}],"about":[{"href":"https:\/\/periodicolarepublica.com\/index.php\/wp-json\/wp\/v2\/types\/post"}],"author":[{"embeddable":true,"href":"https:\/\/periodicolarepublica.com\/index.php\/wp-json\/wp\/v2\/users\/6"}],"replies":[{"embeddable":true,"href":"https:\/\/periodicolarepublica.com\/index.php\/wp-json\/wp\/v2\/comments?post=5362"}],"version-history":[{"count":1,"href":"https:\/\/periodicolarepublica.com\/index.php\/wp-json\/wp\/v2\/posts\/5362\/revisions"}],"predecessor-version":[{"id":5364,"href":"https:\/\/periodicolarepublica.com\/index.php\/wp-json\/wp\/v2\/posts\/5362\/revisions\/5364"}],"wp:featuredmedia":[{"embeddable":true,"href":"https:\/\/periodicolarepublica.com\/index.php\/wp-json\/wp\/v2\/media\/5363"}],"wp:attachment":[{"href":"https:\/\/periodicolarepublica.com\/index.php\/wp-json\/wp\/v2\/media?parent=5362"}],"wp:term":[{"taxonomy":"category","embeddable":true,"href":"https:\/\/periodicolarepublica.com\/index.php\/wp-json\/wp\/v2\/categories?post=5362"},{"taxonomy":"post_tag","embeddable":true,"href":"https:\/\/periodicolarepublica.com\/index.php\/wp-json\/wp\/v2\/tags?post=5362"}],"curies":[{"name":"wp","href":"https:\/\/api.w.org\/{rel}","templated":true}]}}