{"id":5365,"date":"2026-03-08T10:53:35","date_gmt":"2026-03-08T14:53:35","guid":{"rendered":"https:\/\/periodicolarepublica.com\/?p=5365"},"modified":"2026-03-08T10:53:35","modified_gmt":"2026-03-08T14:53:35","slug":"ministro-luis-miguel-de-camps-impulsa-buenas-practicas-en-el-servicio-voluntario-estudiantil","status":"publish","type":"post","link":"https:\/\/periodicolarepublica.com\/index.php\/2026\/03\/08\/ministro-luis-miguel-de-camps-impulsa-buenas-practicas-en-el-servicio-voluntario-estudiantil\/","title":{"rendered":"Ministro Luis Miguel De Camps impulsa buenas pr\u00e1cticas en el servicio voluntario estudiantil"},"content":{"rendered":"<p>El ministro de Educaci\u00f3n, Luis Miguel De Camps, destac\u00f3 el valor del servicio voluntario estudiantil como una herramienta clave para fomentar el liderazgo, fortalecer la cooperaci\u00f3n ciudadana y promover valores democr\u00e1ticos entre los j\u00f3venes, durante el Seminario de Buenas Pr\u00e1cticas en el Servicio Voluntario Estudiantil, organizado por el Programa de Liderazgo Educativo (PLERD) del Ministerio de Educaci\u00f3n.<\/p>\n<p>&nbsp;<\/p>\n<p>\u201cCuando los j\u00f3venes se involucran, las sociedades cambian. Y cuando el servicio se convierte en liderazgo, el futuro comienza a transformarse\u201d, expres\u00f3 De Camps al dirigirse a los estudiantes participantes.<\/p>\n<p>&nbsp;<\/p>\n<p>El titular de Educaci\u00f3n subray\u00f3 que la escuela desempe\u00f1a un papel fundamental en la formaci\u00f3n de ciudadanos, al ser el espacio donde se desarrollan valores, capacidades de convivencia y sentido de responsabilidad social.<\/p>\n<p>&nbsp;<\/p>\n<p>\u201cLa escuela es mucho m\u00e1s que un lugar donde se adquieren conocimientos. Es el espacio donde comienza a formarse el car\u00e1cter de una sociedad\u201d, afirm\u00f3.<\/p>\n<p>&nbsp;<\/p>\n<p>En ese sentido, indic\u00f3 que el sistema educativo debe propiciar oportunidades para que los estudiantes participen, colaboren y desarrollen liderazgo desde las aulas, contribuyendo as\u00ed a la construcci\u00f3n de una ciudadan\u00eda activa y comprometida.<\/p>\n<p>&nbsp;<\/p>\n<p>De Camps destac\u00f3 que el servicio voluntario permite a los j\u00f3venes descubrir sus talentos y fortalecer habilidades como el trabajo en equipo, la empat\u00eda y la responsabilidad, al tiempo que contribuye al bienestar de sus comunidades.<\/p>\n<p>&nbsp;<\/p>\n<p>\u201cEl liderazgo verdadero no comienza con poder. Comienza con servicio\u201d, se\u00f1al\u00f3 el ministro.<\/p>\n<p>&nbsp;<\/p>\n<p>Durante el espacio de preguntas, el estudiante Carlos Ortiz plante\u00f3 la importancia de involucrar a toda la comunidad educativa en las iniciativas de voluntariado, de modo que tambi\u00e9n puedan ser impactados aquellos estudiantes que no participan regularmente en actividades extracurriculares.<\/p>\n<p>&nbsp;<\/p>\n<p>Al responder a Ortiz, el ministro destac\u00f3 que iniciativas como \u201cAgentes al 100\u201d, en sus modalidades \u201cCiudadanos al 100\u201d y \u201cDominicanos al 100\u201d, comienzan a generar impacto en la sociedad dominicana gracias al liderazgo de los estudiantes. Asimismo, se\u00f1al\u00f3 que el reconocimiento de este programa en la reciente rendici\u00f3n de cuentas presidencial constituye un est\u00edmulo para continuar fortaleci\u00e9ndolo y ampliar su alcance.<\/p>\n<p>&nbsp;<\/p>\n<p>\u201cEl hecho de que el propio presidente haya puesto en primer sitial con su intervenci\u00f3n esta iniciativa que ustedes le han dado vida, que le han dado carne, que le han dado calor es de alta satisfacci\u00f3n para todos los involucrados\u201d, expres\u00f3.<\/p>\n<p>&nbsp;<\/p>\n<p>El ministro a\u00f1adi\u00f3 que este reconocimiento tambi\u00e9n representa un compromiso para continuar impulsando el programa y ampliar su impacto m\u00e1s all\u00e1 de los centros educativos.<\/p>\n<p>&nbsp;<\/p>\n<p>\u201cPor eso, aprovechando esas palabras en ese discurso, mont\u00e9monos en ellas y hagamos de estos esfuerzos de motivaci\u00f3n una tarea que trascienda los muros escolares y que podamos involucrar a toda la comunidad\u201d, afirm\u00f3.<\/p>\n<p>&nbsp;<\/p>\n<p>El seminario permiti\u00f3 compartir experiencias y buenas pr\u00e1cticas desarrolladas por estudiantes en iniciativas de voluntariado, con el objetivo de fortalecer la cultura de servicio y liderazgo dentro de los centros educativos.<\/p>\n<p>&nbsp;<\/p>\n<p>Asimismo, el ministro resalt\u00f3 que la participaci\u00f3n de los j\u00f3venes en acciones de servicio comunitario contribuye al fortalecimiento de la democracia, al fomentar el di\u00e1logo, la colaboraci\u00f3n y la responsabilidad colectiva.<\/p>\n<p>&nbsp;<\/p>\n<p>\u201cCuando una generaci\u00f3n decide servir, puede cambiar el destino de un pa\u00eds\u201d, afirm\u00f3.<\/p>\n<p>&nbsp;<\/p>\n<p>El voluntariado estudiantil forma parte de la iniciativa \u201cAgentes al 100\u201d, mediante la cual el Ministerio de Educaci\u00f3n promueve la puesta en pr\u00e1ctica de la ense\u00f1anza de Moral, C\u00edvica y \u00c9tica Ciudadana a trav\u00e9s de acciones de servicio comunitario lideradas por estudiantes.<\/p>\n<p>&nbsp;<\/p>\n<p>Esta iniciativa se enmarca en las estrategias institucionales orientadas a fortalecer una educaci\u00f3n integral que combine el desarrollo acad\u00e9mico con la formaci\u00f3n en valores, ciudadan\u00eda y compromiso social.<\/p>\n<p>&nbsp;<\/p>\n<p>*Direcci\u00f3n de Comunicaciones*<\/p>\n<p><img loading=\"lazy\" decoding=\"async\" class=\"alignnone size-medium wp-image-5366\" src=\"https:\/\/periodicolarepublica.com\/wp-content\/uploads\/2026\/03\/IMG-20260308-WA0005-300x200.jpg\" alt=\"\" width=\"300\" height=\"200\" srcset=\"https:\/\/periodicolarepublica.com\/wp-content\/uploads\/2026\/03\/IMG-20260308-WA0005-300x200.jpg 300w, https:\/\/periodicolarepublica.com\/wp-content\/uploads\/2026\/03\/IMG-20260308-WA0005-1024x682.jpg 1024w, https:\/\/periodicolarepublica.com\/wp-content\/uploads\/2026\/03\/IMG-20260308-WA0005-768x512.jpg 768w, https:\/\/periodicolarepublica.com\/wp-content\/uploads\/2026\/03\/IMG-20260308-WA0005-150x100.jpg 150w, https:\/\/periodicolarepublica.com\/wp-content\/uploads\/2026\/03\/IMG-20260308-WA0005-600x400.jpg 600w, https:\/\/periodicolarepublica.com\/wp-content\/uploads\/2026\/03\/IMG-20260308-WA0005-696x464.jpg 696w, https:\/\/periodicolarepublica.com\/wp-content\/uploads\/2026\/03\/IMG-20260308-WA0005-1068x712.jpg 1068w, https:\/\/periodicolarepublica.com\/wp-content\/uploads\/2026\/03\/IMG-20260308-WA0005.jpg 1280w\" sizes=\"auto, (max-width: 300px) 100vw, 300px\" \/><\/p>\n","protected":false},"excerpt":{"rendered":"<p>El ministro de Educaci\u00f3n, Luis Miguel De Camps, destac\u00f3 el valor del servicio voluntario estudiantil como una herramienta clave para fomentar el liderazgo, fortalecer la cooperaci\u00f3n ciudadana y promover valores democr\u00e1ticos entre los j\u00f3venes, durante el Seminario de Buenas Pr\u00e1cticas en el Servicio Voluntario Estudiantil, organizado por el Programa de Liderazgo Educativo (PLERD) del Ministerio [&hellip;]<\/p>\n","protected":false},"author":6,"featured_media":5366,"comment_status":"open","ping_status":"open","sticky":false,"template":"","format":"standard","meta":{"om_disable_all_campaigns":false,"_monsterinsights_skip_tracking":false,"_monsterinsights_sitenote_active":false,"_monsterinsights_sitenote_note":"","_monsterinsights_sitenote_category":0,"footnotes":""},"categories":[1],"tags":[],"class_list":{"0":"post-5365","1":"post","2":"type-post","3":"status-publish","4":"format-standard","5":"has-post-thumbnail","7":"category-nacionales"},"aioseo_notices":[],"_links":{"self":[{"href":"https:\/\/periodicolarepublica.com\/index.php\/wp-json\/wp\/v2\/posts\/5365","targetHints":{"allow":["GET"]}}],"collection":[{"href":"https:\/\/periodicolarepublica.com\/index.php\/wp-json\/wp\/v2\/posts"}],"about":[{"href":"https:\/\/periodicolarepublica.com\/index.php\/wp-json\/wp\/v2\/types\/post"}],"author":[{"embeddable":true,"href":"https:\/\/periodicolarepublica.com\/index.php\/wp-json\/wp\/v2\/users\/6"}],"replies":[{"embeddable":true,"href":"https:\/\/periodicolarepublica.com\/index.php\/wp-json\/wp\/v2\/comments?post=5365"}],"version-history":[{"count":1,"href":"https:\/\/periodicolarepublica.com\/index.php\/wp-json\/wp\/v2\/posts\/5365\/revisions"}],"predecessor-version":[{"id":5367,"href":"https:\/\/periodicolarepublica.com\/index.php\/wp-json\/wp\/v2\/posts\/5365\/revisions\/5367"}],"wp:featuredmedia":[{"embeddable":true,"href":"https:\/\/periodicolarepublica.com\/index.php\/wp-json\/wp\/v2\/media\/5366"}],"wp:attachment":[{"href":"https:\/\/periodicolarepublica.com\/index.php\/wp-json\/wp\/v2\/media?parent=5365"}],"wp:term":[{"taxonomy":"category","embeddable":true,"href":"https:\/\/periodicolarepublica.com\/index.php\/wp-json\/wp\/v2\/categories?post=5365"},{"taxonomy":"post_tag","embeddable":true,"href":"https:\/\/periodicolarepublica.com\/index.php\/wp-json\/wp\/v2\/tags?post=5365"}],"curies":[{"name":"wp","href":"https:\/\/api.w.org\/{rel}","templated":true}]}}