{"id":5372,"date":"2026-03-08T11:00:56","date_gmt":"2026-03-08T15:00:56","guid":{"rendered":"https:\/\/periodicolarepublica.com\/?p=5372"},"modified":"2026-03-08T11:00:56","modified_gmt":"2026-03-08T15:00:56","slug":"mas-del-30-de-los-contratos-del-inabie-pertenecen-a-mipymes-lideradas-por-mujeres","status":"publish","type":"post","link":"https:\/\/periodicolarepublica.com\/index.php\/2026\/03\/08\/mas-del-30-de-los-contratos-del-inabie-pertenecen-a-mipymes-lideradas-por-mujeres\/","title":{"rendered":"M\u00e1s del 30% de los contratos del INABIE pertenecen a Mipymes lideradas por mujeres"},"content":{"rendered":"<p>*Santo Domingo, R.D. \u2013* El Instituto Nacional de Bienestar Estudiantil (INABIE) asegur\u00f3 que el 32.2% de sus contratos vigentes, pertenecen a micros, peque\u00f1as y medianas empresas (MIPYMES) lideradas por mujeres.<\/p>\n<p>&nbsp;<\/p>\n<p>Ese porcentaje, equivalente a 119 de 370 contratos, consolida a la instituci\u00f3n como un referente en el fomento de la autonom\u00eda econ\u00f3mica de este segmento empresarial.<\/p>\n<p>&nbsp;<\/p>\n<p>El dato fue destacado por el director ejecutivo del INABIE, Adolfo P\u00e9rez, a prop\u00f3sito de la conmemoraci\u00f3n del D\u00eda Internacional de la Mujer, el 8 de marzo.<\/p>\n<p>&nbsp;<\/p>\n<p>P\u00e9rez explic\u00f3 que, durante el a\u00f1o 2025, la instituci\u00f3n destin\u00f3 RD$1,358,008,702 al pago de servicios de m\u00e1s de 100 empresas lideradas por mujeres, que suministraron bienes y servicios para el Programa de Alimentaci\u00f3n Escolar (PAE), utiler\u00eda escolar, insumos tecnol\u00f3gicos y otros recursos esenciales para los distintos programas que desarrolla el INABIE.<\/p>\n<p>&nbsp;<\/p>\n<p>\u201cEl aporte de las mujeres al sector educativo, a la econom\u00eda nacional y a la sociedad en general es invaluable\u201d, destac\u00f3 P\u00e9rez, resaltando la eficiencia, compromiso y profesionalismo que caracterizan a estas empresarias.<\/p>\n<p>&nbsp;<\/p>\n<p>*M\u00e1s de la mitad de los colaboradores del INABIE son mujeres*<\/p>\n<p>&nbsp;<\/p>\n<p>El compromiso institucional del INABIE con la equidad de g\u00e9nero tambi\u00e9n se refleja en su estructura interna, ya que las mujeres representan el 51.64 % del personal que trabaja d\u00eda a d\u00eda en la entidad.<\/p>\n<p>&nbsp;<\/p>\n<p>Con esta amplia participaci\u00f3n, la instituci\u00f3n contribuye a los esfuerzos gubernamentales para reducir la brecha de g\u00e9nero, promoviendo un rol activo de las mujeres basado en su capacidad, compromiso y profesionalismo.<\/p>\n<p>&nbsp;<\/p>\n<p>Asimismo, el INABIE promueve de manera constante el bienestar y la dignidad de la mujer, reconociendo su papel fundamental dentro de la sociedad y la familia.<\/p>\n<p>&nbsp;<\/p>\n<p>Como parte de este apoyo y reconocimiento al valor de sus colaboradoras como madres, el INABIE dispone de una sala de lactancia, un espacio acogedor, higienizado y acondicionado bajo adecuados est\u00e1ndares de limpieza, garantizando un ambiente seguro para las lactantes y sus beb\u00e9s.<\/p>\n<p><img loading=\"lazy\" decoding=\"async\" class=\"alignnone size-medium wp-image-5373\" src=\"https:\/\/periodicolarepublica.com\/wp-content\/uploads\/2026\/03\/IMG-20260308-WA0008-e1772982032325-296x300.jpg\" alt=\"\" width=\"296\" height=\"300\" srcset=\"https:\/\/periodicolarepublica.com\/wp-content\/uploads\/2026\/03\/IMG-20260308-WA0008-e1772982032325-296x300.jpg 296w, https:\/\/periodicolarepublica.com\/wp-content\/uploads\/2026\/03\/IMG-20260308-WA0008-e1772982032325-150x152.jpg 150w, https:\/\/periodicolarepublica.com\/wp-content\/uploads\/2026\/03\/IMG-20260308-WA0008-e1772982032325-300x305.jpg 300w, https:\/\/periodicolarepublica.com\/wp-content\/uploads\/2026\/03\/IMG-20260308-WA0008-e1772982032325-600x609.jpg 600w, https:\/\/periodicolarepublica.com\/wp-content\/uploads\/2026\/03\/IMG-20260308-WA0008-e1772982032325.jpg 663w\" sizes=\"auto, (max-width: 296px) 100vw, 296px\" \/><\/p>\n","protected":false},"excerpt":{"rendered":"<p>*Santo Domingo, R.D. \u2013* El Instituto Nacional de Bienestar Estudiantil (INABIE) asegur\u00f3 que el 32.2% de sus contratos vigentes, pertenecen a micros, peque\u00f1as y medianas empresas (MIPYMES) lideradas por mujeres. &nbsp; Ese porcentaje, equivalente a 119 de 370 contratos, consolida a la instituci\u00f3n como un referente en el fomento de la autonom\u00eda econ\u00f3mica de este [&hellip;]<\/p>\n","protected":false},"author":6,"featured_media":5373,"comment_status":"open","ping_status":"open","sticky":false,"template":"","format":"standard","meta":{"om_disable_all_campaigns":false,"_monsterinsights_skip_tracking":false,"_monsterinsights_sitenote_active":false,"_monsterinsights_sitenote_note":"","_monsterinsights_sitenote_category":0,"footnotes":""},"categories":[1],"tags":[],"class_list":{"0":"post-5372","1":"post","2":"type-post","3":"status-publish","4":"format-standard","5":"has-post-thumbnail","7":"category-nacionales"},"aioseo_notices":[],"_links":{"self":[{"href":"https:\/\/periodicolarepublica.com\/index.php\/wp-json\/wp\/v2\/posts\/5372","targetHints":{"allow":["GET"]}}],"collection":[{"href":"https:\/\/periodicolarepublica.com\/index.php\/wp-json\/wp\/v2\/posts"}],"about":[{"href":"https:\/\/periodicolarepublica.com\/index.php\/wp-json\/wp\/v2\/types\/post"}],"author":[{"embeddable":true,"href":"https:\/\/periodicolarepublica.com\/index.php\/wp-json\/wp\/v2\/users\/6"}],"replies":[{"embeddable":true,"href":"https:\/\/periodicolarepublica.com\/index.php\/wp-json\/wp\/v2\/comments?post=5372"}],"version-history":[{"count":1,"href":"https:\/\/periodicolarepublica.com\/index.php\/wp-json\/wp\/v2\/posts\/5372\/revisions"}],"predecessor-version":[{"id":5374,"href":"https:\/\/periodicolarepublica.com\/index.php\/wp-json\/wp\/v2\/posts\/5372\/revisions\/5374"}],"wp:featuredmedia":[{"embeddable":true,"href":"https:\/\/periodicolarepublica.com\/index.php\/wp-json\/wp\/v2\/media\/5373"}],"wp:attachment":[{"href":"https:\/\/periodicolarepublica.com\/index.php\/wp-json\/wp\/v2\/media?parent=5372"}],"wp:term":[{"taxonomy":"category","embeddable":true,"href":"https:\/\/periodicolarepublica.com\/index.php\/wp-json\/wp\/v2\/categories?post=5372"},{"taxonomy":"post_tag","embeddable":true,"href":"https:\/\/periodicolarepublica.com\/index.php\/wp-json\/wp\/v2\/tags?post=5372"}],"curies":[{"name":"wp","href":"https:\/\/api.w.org\/{rel}","templated":true}]}}