{"id":5379,"date":"2026-03-08T11:28:28","date_gmt":"2026-03-08T15:28:28","guid":{"rendered":"https:\/\/periodicolarepublica.com\/?p=5379"},"modified":"2026-03-08T11:28:28","modified_gmt":"2026-03-08T15:28:28","slug":"tribunal-impone-coercion-a-exempleado-de-edeeste-por-robo-de-equipos-y-materiales-electricos","status":"publish","type":"post","link":"https:\/\/periodicolarepublica.com\/index.php\/2026\/03\/08\/tribunal-impone-coercion-a-exempleado-de-edeeste-por-robo-de-equipos-y-materiales-electricos\/","title":{"rendered":"*Tribunal impone coerci\u00f3n a exempleado de Edeeste por robo de equipos y materiales el\u00e9ctricos*"},"content":{"rendered":"<p>Santo Domingo Este. \u2013 La Oficina Judicial de Servicios de Atenci\u00f3n Permanente del Distrito Judicial de Santo Domingo Este impuso medida de coerci\u00f3n en contra de un exempleado de la Empresa Distribuidora de Electricidad del Este (Edeeste) por sustracci\u00f3n de herramientas y materiales el\u00e9ctricos propiedad de la entidad.<\/p>\n<p>&nbsp;<\/p>\n<p>Seg\u00fan sostiene el documento judicial, la decisi\u00f3n del tribunal recae sobre el se\u00f1or Joel Agust\u00edn Reyes P\u00e9rez tras la presunta violaci\u00f3n del art\u00edculo 379 del C\u00f3digo Penal Dominicano.<\/p>\n<p>&nbsp;<\/p>\n<p>La disposici\u00f3n contempla que deber\u00e1 cumplir con las medidas de coerci\u00f3n previstas en los numerales 1, 2 y 4 del art\u00edculo 230 del C\u00f3digo Procesal Penal, consistentes en Garant\u00eda Econ\u00f3mica, impedimento de salida del pa\u00eds y Presentaci\u00f3n Peri\u00f3dica.<\/p>\n<p>&nbsp;<\/p>\n<p>En ese sentido, la garant\u00eda econ\u00f3mica ser\u00e1 de RD$25,000.00, impedimento de salida sin la debida autorizaci\u00f3n de un juez y la obligatoriedad de presentarse los d\u00edas 30 de cada mes ante el fiscal investigador.<\/p>\n<p>&nbsp;<\/p>\n<p>Cabe resaltar que, al momento de la detenci\u00f3n Reyes P\u00e9rez ten\u00eda en su poder el carnet de la empresa a pesar de llevar un tiempo desvinculado, as\u00ed como otros materiales y equipos procedentes de la distribuidora.<\/p>\n<p>&nbsp;<\/p>\n<p>La solicitud de medida de coerci\u00f3n fue presentada por el licenciado Waldimir Reynoso Cabrera en representaci\u00f3n del procurador fiscal, licenciado Corintio Torres Hern\u00e1ndez.<\/p>\n<p>&nbsp;<\/p>\n<p>Edeeste reiter\u00f3 su compromiso con el cumplimiento de las normas \u00e9ticas y de transparencia que rigen a la empresa frente a casos similares que involucren a colaboradores o exempleados de esta.<\/p>\n<p>&nbsp;<\/p>\n<p>Por \u00faltimo, Edeeste aprovech\u00f3 para recordar que el fraude el\u00e9ctrico en detrimento del sistema el\u00e9ctrico nacional est\u00e1 tipificado como delito en la Ley General de Electricidad y en el C\u00f3digo Penal Dominicano, raz\u00f3n por la que llama a la ciudadan\u00eda en general a denunciar a quienes se hacen pasar por empleados o contratistas de la compa\u00f1\u00eda el\u00e9ctrica con la finalidad de recibir dinero proveniente de este tipo de acciones en perjuicio del Estado y la distribuidora.<img loading=\"lazy\" decoding=\"async\" class=\"alignnone size-medium wp-image-5380\" src=\"https:\/\/periodicolarepublica.com\/wp-content\/uploads\/2026\/03\/IMG-20260304-WA0456-300x200.jpg\" alt=\"\" width=\"300\" height=\"200\" srcset=\"https:\/\/periodicolarepublica.com\/wp-content\/uploads\/2026\/03\/IMG-20260304-WA0456-300x200.jpg?v=1772983702 300w, https:\/\/periodicolarepublica.com\/wp-content\/uploads\/2026\/03\/IMG-20260304-WA0456-1024x682.jpg?v=1772983702 1024w, https:\/\/periodicolarepublica.com\/wp-content\/uploads\/2026\/03\/IMG-20260304-WA0456-768x512.jpg?v=1772983702 768w, https:\/\/periodicolarepublica.com\/wp-content\/uploads\/2026\/03\/IMG-20260304-WA0456-1536x1023.jpg?v=1772983702 1536w, https:\/\/periodicolarepublica.com\/wp-content\/uploads\/2026\/03\/IMG-20260304-WA0456-150x100.jpg?v=1772983702 150w, https:\/\/periodicolarepublica.com\/wp-content\/uploads\/2026\/03\/IMG-20260304-WA0456-600x400.jpg?v=1772983702 600w, https:\/\/periodicolarepublica.com\/wp-content\/uploads\/2026\/03\/IMG-20260304-WA0456-696x464.jpg?v=1772983702 696w, https:\/\/periodicolarepublica.com\/wp-content\/uploads\/2026\/03\/IMG-20260304-WA0456-1392x927.jpg?v=1772983702 1392w, https:\/\/periodicolarepublica.com\/wp-content\/uploads\/2026\/03\/IMG-20260304-WA0456-1068x712.jpg?v=1772983702 1068w, https:\/\/periodicolarepublica.com\/wp-content\/uploads\/2026\/03\/IMG-20260304-WA0456.jpg?v=1772983702 1600w\" sizes=\"auto, (max-width: 300px) 100vw, 300px\" \/><\/p>\n<p>&nbsp;<\/p>\n","protected":false},"excerpt":{"rendered":"<p>Santo Domingo Este. \u2013 La Oficina Judicial de Servicios de Atenci\u00f3n Permanente del Distrito Judicial de Santo Domingo Este impuso medida de coerci\u00f3n en contra de un exempleado de la Empresa Distribuidora de Electricidad del Este (Edeeste) por sustracci\u00f3n de herramientas y materiales el\u00e9ctricos propiedad de la entidad. &nbsp; Seg\u00fan sostiene el documento judicial, la [&hellip;]<\/p>\n","protected":false},"author":10,"featured_media":5380,"comment_status":"open","ping_status":"open","sticky":false,"template":"","format":"standard","meta":{"om_disable_all_campaigns":false,"_monsterinsights_skip_tracking":false,"_monsterinsights_sitenote_active":false,"_monsterinsights_sitenote_note":"","_monsterinsights_sitenote_category":0,"footnotes":""},"categories":[1],"tags":[],"class_list":{"0":"post-5379","1":"post","2":"type-post","3":"status-publish","4":"format-standard","5":"has-post-thumbnail","7":"category-nacionales"},"aioseo_notices":[],"_links":{"self":[{"href":"https:\/\/periodicolarepublica.com\/index.php\/wp-json\/wp\/v2\/posts\/5379","targetHints":{"allow":["GET"]}}],"collection":[{"href":"https:\/\/periodicolarepublica.com\/index.php\/wp-json\/wp\/v2\/posts"}],"about":[{"href":"https:\/\/periodicolarepublica.com\/index.php\/wp-json\/wp\/v2\/types\/post"}],"author":[{"embeddable":true,"href":"https:\/\/periodicolarepublica.com\/index.php\/wp-json\/wp\/v2\/users\/10"}],"replies":[{"embeddable":true,"href":"https:\/\/periodicolarepublica.com\/index.php\/wp-json\/wp\/v2\/comments?post=5379"}],"version-history":[{"count":1,"href":"https:\/\/periodicolarepublica.com\/index.php\/wp-json\/wp\/v2\/posts\/5379\/revisions"}],"predecessor-version":[{"id":5381,"href":"https:\/\/periodicolarepublica.com\/index.php\/wp-json\/wp\/v2\/posts\/5379\/revisions\/5381"}],"wp:featuredmedia":[{"embeddable":true,"href":"https:\/\/periodicolarepublica.com\/index.php\/wp-json\/wp\/v2\/media\/5380"}],"wp:attachment":[{"href":"https:\/\/periodicolarepublica.com\/index.php\/wp-json\/wp\/v2\/media?parent=5379"}],"wp:term":[{"taxonomy":"category","embeddable":true,"href":"https:\/\/periodicolarepublica.com\/index.php\/wp-json\/wp\/v2\/categories?post=5379"},{"taxonomy":"post_tag","embeddable":true,"href":"https:\/\/periodicolarepublica.com\/index.php\/wp-json\/wp\/v2\/tags?post=5379"}],"curies":[{"name":"wp","href":"https:\/\/api.w.org\/{rel}","templated":true}]}}